{"id":5844,"date":"2024-02-08T13:28:16","date_gmt":"2024-02-08T17:28:16","guid":{"rendered":"https:\/\/elmundodelapolitica.com\/v1\/?p=5844"},"modified":"2024-02-08T13:28:20","modified_gmt":"2024-02-08T17:28:20","slug":"supervisa-ministro-vivienda-etapa-final-construccion-extensiones-uasd-en-bani-y-azua","status":"publish","type":"post","link":"https:\/\/elmundodelapolitica.com\/v1\/supervisa-ministro-vivienda-etapa-final-construccion-extensiones-uasd-en-bani-y-azua\/","title":{"rendered":"Supervisa Ministro Vivienda etapa final construcci\u00f3n extensiones UASD en Ban\u00ed y Azua"},"content":{"rendered":"\n<p>El Ministro de la Vivienda y Edificaciones, Carlos Bonilla, hizo un recorrido por la Regi\u00f3n Sur del pa\u00eds para supervisar los avances en la construcci\u00f3n de las extensiones en Ban\u00ed y Azua de la Universidad Aut\u00f3noma de Santo Domingo. Ambas obras se encuentran ya en su \u00faltima etapa para ser inauguradas pr\u00f3ximamente por el Presidente de la Rep\u00fablica, Luis Abinader.<\/p>\n\n\n\n<p>La primera parada del Ministro Bonilla fue en la extensi\u00f3n de la casa de estudios en la provincia Azua, cuyos trabajos se encuentran actualmente en un 80% de ejecuci\u00f3n por parte del Ministerio de la Vivienda y Edificaciones (MIVED).<\/p>\n\n\n\n<p>Durante el recorrido, el Ministro Bonilla expres\u00f3:&nbsp;<em>\u201cVamos a estar listos en pocos meses para impartir clases aqu\u00ed. Hace m\u00e1s o menos un a\u00f1o iniciamos esta infraestructura y se puede ver todo lo que se ha logrado en ese a\u00f1o, eso solamente lo puede hacer la eficiencia del Gobierno del Presidente Luis Abinader\u201d.<\/em><\/p>\n\n\n\n<p>Esta obra, desarrollada sobre 9,100 metros cuadrados de construcci\u00f3n y 19,500 metros cuadrados de solar, contar\u00e1 con edificios docentes con capacidad para m\u00e1s de 1,900 estudiantes del nivel superior.<\/p>\n\n\n\n<p>El moderno centro de estudios tendr\u00e1 tres edificios administrativos con servicios estudiantiles, aportando 41 nuevas aulas al nivel educativo superior, adem\u00e1s de seis laboratorios, una biblioteca y una plaza patri\u00f3tica.<\/p>\n\n\n\n<p>Tambi\u00e9n contar\u00e1 con sal\u00f3n multiuso, cafeter\u00eda, cancha mixta, verja perimetral, planta de tratamiento, \u00e1reas de servicios, adem\u00e1s de 110 plazas de estacionamiento vehicular, incluyendo veh\u00edculos livianos, motocicletas y puestos para minusv\u00e1lidos.<\/p>\n\n\n\n<p>Para la segunda parada del recorrido, el Ministro Carlos Bonilla se traslad\u00f3 a Ban\u00ed, provincia Peravia, donde observ\u00f3 de primera mano los toques finales a la extensi\u00f3n de la UASD en esa demarcaci\u00f3n, en donde solo resta 8% de ejecuci\u00f3n para la terminaci\u00f3n de la obra.<\/p>\n\n\n\n<p>Al igual que el recinto de Azua, esta extensi\u00f3n en Ban\u00ed, que se construye sobre 19,500 metros cuadrados, contar\u00e1 con tres edificios administrativos, seis laboratorios, una plaza patri\u00f3tica y una biblioteca, aportando as\u00ed 41 nuevas aulas al sistema de educaci\u00f3n superior del pa\u00eds.<\/p>\n\n\n\n<p>Igualmente, el centro de estudios, que cuenta con edificios docentes con una capacidad de 1,908 estudiantes, tendr\u00e1 sal\u00f3n multiuso, cafeter\u00eda, cancha mixta y grader\u00edas, verja perimetral, planta de tratamiento y \u00e1rea de servicios.<\/p>\n\n\n\n<p>Esta obra, que inici\u00f3 en mayo de 2022 y se encuentra en un 92% de ejecuci\u00f3n, tambi\u00e9n tendr\u00e1 218 plazas de estacionamiento vehicular, con parqueos para veh\u00edculos livianos, motocicletas, discapacitados y autobuses.<\/p>\n\n\n\n<p>Durante los recorridos, acompa\u00f1aron al Ministro Bonilla: la gobernadora de Peravia, \u00c1ngela Yadira B\u00e1ez; el alcalde de Ban\u00ed, Santos Ram\u00edrez; los diputados Julito Fulcar y Luis B\u00e1ez; y autoridades de Azua.<\/p>\n\n\n\n<figure class=\"wp-block-image size-large\"><img loading=\"lazy\" decoding=\"async\" width=\"1024\" height=\"605\" src=\"https:\/\/elmundodelapolitica.com\/v1\/wp-content\/uploads\/2024\/02\/0-1-1024x605.jpg\" alt=\"\" class=\"wp-image-5845\" srcset=\"https:\/\/elmundodelapolitica.com\/v1\/wp-content\/uploads\/2024\/02\/0-1-1024x605.jpg 1024w, https:\/\/elmundodelapolitica.com\/v1\/wp-content\/uploads\/2024\/02\/0-1-300x177.jpg 300w, https:\/\/elmundodelapolitica.com\/v1\/wp-content\/uploads\/2024\/02\/0-1-768x454.jpg 768w, https:\/\/elmundodelapolitica.com\/v1\/wp-content\/uploads\/2024\/02\/0-1.jpg 1036w\" sizes=\"auto, (max-width: 1024px) 100vw, 1024px\" \/><\/figure>\n","protected":false},"excerpt":{"rendered":"<p>El Ministro de la Vivienda y Edificaciones, Carlos Bonilla, hizo un recorrido por la Regi\u00f3n Sur del pa\u00eds para supervisar los avances en la construcci\u00f3n de las extensiones en Ban\u00ed&hellip; <\/p>\n","protected":false},"author":2,"featured_media":5845,"comment_status":"open","ping_status":"open","sticky":false,"template":"","format":"standard","meta":{"fifu_image_url":"","fifu_image_alt":"","footnotes":""},"categories":[25],"tags":[],"class_list":["post-5844","post","type-post","status-publish","format-standard","has-post-thumbnail","hentry","category-construccion"],"_links":{"self":[{"href":"https:\/\/elmundodelapolitica.com\/v1\/wp-json\/wp\/v2\/posts\/5844","targetHints":{"allow":["GET"]}}],"collection":[{"href":"https:\/\/elmundodelapolitica.com\/v1\/wp-json\/wp\/v2\/posts"}],"about":[{"href":"https:\/\/elmundodelapolitica.com\/v1\/wp-json\/wp\/v2\/types\/post"}],"author":[{"embeddable":true,"href":"https:\/\/elmundodelapolitica.com\/v1\/wp-json\/wp\/v2\/users\/2"}],"replies":[{"embeddable":true,"href":"https:\/\/elmundodelapolitica.com\/v1\/wp-json\/wp\/v2\/comments?post=5844"}],"version-history":[{"count":1,"href":"https:\/\/elmundodelapolitica.com\/v1\/wp-json\/wp\/v2\/posts\/5844\/revisions"}],"predecessor-version":[{"id":5846,"href":"https:\/\/elmundodelapolitica.com\/v1\/wp-json\/wp\/v2\/posts\/5844\/revisions\/5846"}],"wp:featuredmedia":[{"embeddable":true,"href":"https:\/\/elmundodelapolitica.com\/v1\/wp-json\/wp\/v2\/media\/5845"}],"wp:attachment":[{"href":"https:\/\/elmundodelapolitica.com\/v1\/wp-json\/wp\/v2\/media?parent=5844"}],"wp:term":[{"taxonomy":"category","embeddable":true,"href":"https:\/\/elmundodelapolitica.com\/v1\/wp-json\/wp\/v2\/categories?post=5844"},{"taxonomy":"post_tag","embeddable":true,"href":"https:\/\/elmundodelapolitica.com\/v1\/wp-json\/wp\/v2\/tags?post=5844"}],"curies":[{"name":"wp","href":"https:\/\/api.w.org\/{rel}","templated":true}]}}