{"id":5841,"date":"2024-02-08T13:27:03","date_gmt":"2024-02-08T17:27:03","guid":{"rendered":"https:\/\/elmundodelapolitica.com\/v1\/?p=5841"},"modified":"2024-02-08T13:27:05","modified_gmt":"2024-02-08T17:27:05","slug":"dantes-afirma-ley-1-24-viola-derechos-constitucionales","status":"publish","type":"post","link":"https:\/\/elmundodelapolitica.com\/v1\/dantes-afirma-ley-1-24-viola-derechos-constitucionales\/","title":{"rendered":"Dant\u00e9s afirma Ley 1-24 viola derechos constitucionales"},"content":{"rendered":"\n<p><strong>Santo Domingo, R.D. Enero 2024.-&nbsp;<\/strong>El secretario jur\u00eddico del Partido de la Liberaci\u00f3n Dominicana (PLD), Jos\u00e9 Dant\u00e9s D\u00edaz, consider\u00f3 que la Ley 1-24 que crea la Direcci\u00f3n Nacional de Inteligencia (DNI) \u00a8viola de manera grosera principios, garant\u00edas y derechos fundamentales de los ciudadanos establecidos en la Constituci\u00f3n de la Rep\u00fablica y en otras leyes\u00a8.<\/p>\n\n\n\n<p>Dant\u00e9s D\u00edaz dijo que esa ley, que es antidemocr\u00e1tica y restaura pr\u00e1cticas de la era de Rafael Le\u00f3nidas Trujillo, es una muestra de una intenci\u00f3n autoritaria del Gobierno, que, a su entender, est\u00e1 tratando de establecer un sistema de espionaje y obliga a los ciudadanos del pa\u00eds y extranjeros en territorio dominicano a dar informaciones que se les requieran, sin ning\u00fan tipo de control jurisdiccional.<\/p>\n\n\n\n<p>Entrevistado en el programa Toque Final con Julio Mart\u00ednez Pozo, que se transmite por Antena 7, afirm\u00f3 que dicha legislaci\u00f3n viola el principio de legalidad del debido proceso, la presunci\u00f3n de inocencia, derechos fundamentales, tales como, el de privacidad, intimidad, buen nombre, honor, buena imagen, libertad de expresi\u00f3n, secreto profesional, entre otros.<\/p>\n\n\n\n<p>\u00a8Esto es un atentado a las libertades p\u00fablicas, que tanto le han costado al pueblo dominicano, que tanto sudor, l\u00e1grimas y sangre ha derramado durante d\u00e9cadas para obtener lo que hoy tenemos que detener con las u\u00f1as frente a un Gobierno que procura coartar las libertades fundamentales\u00a8, manifest\u00f3 el abogado.<\/p>\n\n\n\n<p>En tanto, destac\u00f3, que la v\u00eda m\u00e1s efectiva para que quede sin efecto es que el mismo presidente Luis Abinader mande cuanto antes un anteproyecto de ley, donde se modifique la pieza.<\/p>\n\n\n\n<p>El abogado entiende que para atacar la Ley 1-24 debe ser a trav\u00e9s de una acci\u00f3n directa de inconstitucionalidad en el Tribunal Constitucional, as\u00ed se pudiera expulsar esa norma del ordenamiento jur\u00eddico, tomando en cuenta que ya es una ley.<\/p>\n\n\n\n<p>Precis\u00f3 que da mucha pena que esa pieza haya sido promulgada sin que fuera observada por el Presidente, sin que su equipo le haya advertido de que el contenido de la misma.<\/p>\n\n\n\n<p>Agreg\u00f3 que tambi\u00e9n puede darse un recurso contencioso administrativo contra los efectos de esta en el Tribunal Superior Administrativo (TSA), donde se interponga un amparo de extrema urgencia a los fines de que no sean aplicables las disposiciones de la norma.<\/p>\n\n\n\n<figure class=\"wp-block-image size-full\"><img loading=\"lazy\" decoding=\"async\" width=\"664\" height=\"486\" src=\"https:\/\/elmundodelapolitica.com\/v1\/wp-content\/uploads\/2024\/02\/0.png\" alt=\"\" class=\"wp-image-5842\" srcset=\"https:\/\/elmundodelapolitica.com\/v1\/wp-content\/uploads\/2024\/02\/0.png 664w, https:\/\/elmundodelapolitica.com\/v1\/wp-content\/uploads\/2024\/02\/0-300x220.png 300w\" sizes=\"auto, (max-width: 664px) 100vw, 664px\" \/><\/figure>\n","protected":false},"excerpt":{"rendered":"<p>Santo Domingo, R.D. Enero 2024.-&nbsp;El secretario jur\u00eddico del Partido de la Liberaci\u00f3n Dominicana (PLD), Jos\u00e9 Dant\u00e9s D\u00edaz, consider\u00f3 que la Ley 1-24 que crea la Direcci\u00f3n Nacional de Inteligencia (DNI)&hellip; <\/p>\n","protected":false},"author":2,"featured_media":5842,"comment_status":"open","ping_status":"open","sticky":false,"template":"","format":"standard","meta":{"fifu_image_url":"","fifu_image_alt":"","footnotes":""},"categories":[55],"tags":[],"class_list":["post-5841","post","type-post","status-publish","format-standard","has-post-thumbnail","hentry","category-congreso-y-legislacion"],"_links":{"self":[{"href":"https:\/\/elmundodelapolitica.com\/v1\/wp-json\/wp\/v2\/posts\/5841","targetHints":{"allow":["GET"]}}],"collection":[{"href":"https:\/\/elmundodelapolitica.com\/v1\/wp-json\/wp\/v2\/posts"}],"about":[{"href":"https:\/\/elmundodelapolitica.com\/v1\/wp-json\/wp\/v2\/types\/post"}],"author":[{"embeddable":true,"href":"https:\/\/elmundodelapolitica.com\/v1\/wp-json\/wp\/v2\/users\/2"}],"replies":[{"embeddable":true,"href":"https:\/\/elmundodelapolitica.com\/v1\/wp-json\/wp\/v2\/comments?post=5841"}],"version-history":[{"count":1,"href":"https:\/\/elmundodelapolitica.com\/v1\/wp-json\/wp\/v2\/posts\/5841\/revisions"}],"predecessor-version":[{"id":5843,"href":"https:\/\/elmundodelapolitica.com\/v1\/wp-json\/wp\/v2\/posts\/5841\/revisions\/5843"}],"wp:featuredmedia":[{"embeddable":true,"href":"https:\/\/elmundodelapolitica.com\/v1\/wp-json\/wp\/v2\/media\/5842"}],"wp:attachment":[{"href":"https:\/\/elmundodelapolitica.com\/v1\/wp-json\/wp\/v2\/media?parent=5841"}],"wp:term":[{"taxonomy":"category","embeddable":true,"href":"https:\/\/elmundodelapolitica.com\/v1\/wp-json\/wp\/v2\/categories?post=5841"},{"taxonomy":"post_tag","embeddable":true,"href":"https:\/\/elmundodelapolitica.com\/v1\/wp-json\/wp\/v2\/tags?post=5841"}],"curies":[{"name":"wp","href":"https:\/\/api.w.org\/{rel}","templated":true}]}}