{"id":5831,"date":"2024-01-02T18:46:36","date_gmt":"2024-01-02T22:46:36","guid":{"rendered":"https:\/\/elmundodelapolitica.com\/v1\/?p=5831"},"modified":"2024-01-30T18:47:28","modified_gmt":"2024-01-30T22:47:28","slug":"fallecimiento-de-gustavo-cisneros","status":"publish","type":"post","link":"https:\/\/elmundodelapolitica.com\/v1\/fallecimiento-de-gustavo-cisneros\/","title":{"rendered":"Fallecimiento de Gustavo Cisneros"},"content":{"rendered":"\n<p>TORONTO \u2013 Con gran tristeza la Junta Directiva de Barrick Gold Corporation (NYSE:GOLD)(TSX:ABX) les informa sobre el fallecimiento de Gustavo Cisneros el 29 de diciembre de 2023.<\/p>\n\n\n\n<figure class=\"wp-block-image\"><img decoding=\"async\" src=\"https:\/\/i0.wp.com\/elmundodelosnegocios.com.do\/v1\/wp-content\/uploads\/2024\/01\/gustavo_cisneros-1024x576.jpg?resize=1024%2C576&amp;ssl=1\" alt=\"\" class=\"wp-image-35823\"\/><\/figure>\n\n\n\n<p>El Sr. Cisneros fue miembro independiente de la Junta desde 2003, presidiendo su Comit\u00e9 Ambiental, Social y de Gobernanza y de Nombramientos y sirviendo como miembro del Comit\u00e9 de Compensaci\u00f3n. Tambi\u00e9n fue miembro del Consejo Asesor Internacional de Barrick, que asesora al Consejo sobre cuestiones geopol\u00edticas y otras cuestiones estrat\u00e9gicas.<\/p>\n\n\n\n<p>Al anunciar esto, el Presidente Ejecutivo de Barrick, John Thornton, rindi\u00f3 homenaje al Sr. Cisneros como un l\u00edder empresarial de talla internacional que hab\u00eda convertido a su empresa familiar Cisneros en un grupo mundial de medios, entretenimiento, telecomunicaciones y productos de consumo. Tambi\u00e9n ocup\u00f3 puestos directivos y de liderazgo en una amplia gama de importantes corporaciones e instituciones.<\/p>\n\n\n\n<p>\u201cGustavo fue una fuente irreemplazable de sabidur\u00eda, juicio y perspicacia durante d\u00e9cadas. Ten\u00eda una asombrosa habilidad para ir directo al meollo del asunto, ver las esquinas y dar consejos s\u00f3lidos, pr\u00e1cticos e innovadores cuando m\u00e1s los necesitaba. Todos extra\u00f1aremos su esp\u00edritu generoso y emprendedor y su integridad personal y profesional. Nuestro m\u00e1s sentido p\u00e9same, pensamientos y oraciones est\u00e1n con su esposa, Patricia Phelps de Cisneros, sus hijos, Carolina, Guillermo y Adriana, y sus familias con quienes toda la familia Barrick comparte esta desgarradora p\u00e9rdida\u201d, dijo John Thornton.<\/p>\n","protected":false},"excerpt":{"rendered":"<p>TORONTO \u2013 Con gran tristeza la Junta Directiva de Barrick Gold Corporation (NYSE:GOLD)(TSX:ABX) les informa sobre el fallecimiento de Gustavo Cisneros el 29 de diciembre de 2023. El Sr. Cisneros&hellip; <\/p>\n","protected":false},"author":2,"featured_media":5832,"comment_status":"open","ping_status":"open","sticky":false,"template":"","format":"standard","meta":{"fifu_image_url":"","fifu_image_alt":"","footnotes":""},"categories":[40],"tags":[],"class_list":["post-5831","post","type-post","status-publish","format-standard","has-post-thumbnail","hentry","category-empresarial"],"_links":{"self":[{"href":"https:\/\/elmundodelapolitica.com\/v1\/wp-json\/wp\/v2\/posts\/5831","targetHints":{"allow":["GET"]}}],"collection":[{"href":"https:\/\/elmundodelapolitica.com\/v1\/wp-json\/wp\/v2\/posts"}],"about":[{"href":"https:\/\/elmundodelapolitica.com\/v1\/wp-json\/wp\/v2\/types\/post"}],"author":[{"embeddable":true,"href":"https:\/\/elmundodelapolitica.com\/v1\/wp-json\/wp\/v2\/users\/2"}],"replies":[{"embeddable":true,"href":"https:\/\/elmundodelapolitica.com\/v1\/wp-json\/wp\/v2\/comments?post=5831"}],"version-history":[{"count":1,"href":"https:\/\/elmundodelapolitica.com\/v1\/wp-json\/wp\/v2\/posts\/5831\/revisions"}],"predecessor-version":[{"id":5833,"href":"https:\/\/elmundodelapolitica.com\/v1\/wp-json\/wp\/v2\/posts\/5831\/revisions\/5833"}],"wp:featuredmedia":[{"embeddable":true,"href":"https:\/\/elmundodelapolitica.com\/v1\/wp-json\/wp\/v2\/media\/5832"}],"wp:attachment":[{"href":"https:\/\/elmundodelapolitica.com\/v1\/wp-json\/wp\/v2\/media?parent=5831"}],"wp:term":[{"taxonomy":"category","embeddable":true,"href":"https:\/\/elmundodelapolitica.com\/v1\/wp-json\/wp\/v2\/categories?post=5831"},{"taxonomy":"post_tag","embeddable":true,"href":"https:\/\/elmundodelapolitica.com\/v1\/wp-json\/wp\/v2\/tags?post=5831"}],"curies":[{"name":"wp","href":"https:\/\/api.w.org\/{rel}","templated":true}]}}