{"id":5827,"date":"2024-01-30T10:35:06","date_gmt":"2024-01-30T14:35:06","guid":{"rendered":"https:\/\/elmundodelapolitica.com\/v1\/?p=5827"},"modified":"2024-01-30T10:35:12","modified_gmt":"2024-01-30T14:35:12","slug":"reyes-asegura-gobierno-abinader-cambio-rostro-los-alcarrizos","status":"publish","type":"post","link":"https:\/\/elmundodelapolitica.com\/v1\/reyes-asegura-gobierno-abinader-cambio-rostro-los-alcarrizos\/","title":{"rendered":"Reyes asegura gobierno Abinader cambi\u00f3 rostro Los Alcarrizos"},"content":{"rendered":"\n<p><strong>Los Alcarrizos, R.D., enero 2024.-<\/strong>\u00a0\u00a0Las obras que realiza el gobierno en el municipio de Los Alcarrizos \u00a0fueron destacadas ayer por\u00a0 Gloria Reyes, miembro de la Direcci\u00f3n Ejecutiva del\u00a0Partido Revolucionario Moderno (PRM). \u00a0\u00a0\u00a0\u00a0\u00a0\u00a0\u00a0\u00a0\u00a0\u00a0\u00a0<\/p>\n\n\n\n<p>La dirigente pol\u00edtica habl\u00f3 durante el acto realizado por Agentes de Cambio en apoyo a los candidatos a cargos&nbsp; municipales en este municipio por el PRM y aliados. En su intervenci\u00f3n destac\u00f3 que el compromiso del presidente Luis Abinader con este municipio es palpable a trav\u00e9s de las importantes obras de infraestructura que se han levantado en esta gesti\u00f3n.<\/p>\n\n\n\n<p>Reyes cit\u00f3 las obras de gran importancia para este municipio incluyendo apartamentos a trav\u00e9s del Plan Nacional de Viviendas Familia Feliz y otras de infraestructura que han mejorado la calidad de vida de los mun\u00edcipes.<\/p>\n\n\n\n<p>\u201cPor mucho tiempo solo sal\u00edan en las noticias negativas de Los Alcarrizos y eso hace muy poco que empez\u00f3 a cambiar con la llegada del presidente Luis Abinader. Ahora la gente menciona Los Alcarrizos por el telef\u00e9rico, por la construcci\u00f3n del metro y ser un territorio de gente honesta y trabajadora\u201d.<\/p>\n\n\n\n<p>Gloria Reyes tom\u00f3 la palabra &nbsp;durante un&nbsp; concurrido acto en apoyo a los candidatos a cargos municipales en esta demarcaci\u00f3n por el PRM&nbsp; y aliados, Junior Santos, candidato a alcalde del Municipio de Los Alcarrizos; a los aspirantes a directores municipales Fidel De Los Santos por&nbsp; Pantoja y Jos\u00e9 L\u00f3pez por&nbsp; Palmarejo, as\u00ed como los que est\u00e1n corriendo por las regidur\u00edas.<\/p>\n\n\n\n<figure class=\"wp-block-image size-full\"><img loading=\"lazy\" decoding=\"async\" width=\"918\" height=\"612\" src=\"https:\/\/elmundodelapolitica.com\/v1\/wp-content\/uploads\/2024\/01\/0-9.jpg\" alt=\"\" class=\"wp-image-5828\" srcset=\"https:\/\/elmundodelapolitica.com\/v1\/wp-content\/uploads\/2024\/01\/0-9.jpg 918w, https:\/\/elmundodelapolitica.com\/v1\/wp-content\/uploads\/2024\/01\/0-9-300x200.jpg 300w, https:\/\/elmundodelapolitica.com\/v1\/wp-content\/uploads\/2024\/01\/0-9-768x512.jpg 768w\" sizes=\"auto, (max-width: 918px) 100vw, 918px\" \/><\/figure>\n","protected":false},"excerpt":{"rendered":"<p>Los Alcarrizos, R.D., enero 2024.-\u00a0\u00a0Las obras que realiza el gobierno en el municipio de Los Alcarrizos \u00a0fueron destacadas ayer por\u00a0 Gloria Reyes, miembro de la Direcci\u00f3n Ejecutiva del\u00a0Partido Revolucionario Moderno&hellip; <\/p>\n","protected":false},"author":2,"featured_media":5828,"comment_status":"open","ping_status":"open","sticky":false,"template":"","format":"standard","meta":{"fifu_image_url":"","fifu_image_alt":"","footnotes":""},"categories":[9],"tags":[],"class_list":["post-5827","post","type-post","status-publish","format-standard","has-post-thumbnail","hentry","category-elecciones"],"_links":{"self":[{"href":"https:\/\/elmundodelapolitica.com\/v1\/wp-json\/wp\/v2\/posts\/5827","targetHints":{"allow":["GET"]}}],"collection":[{"href":"https:\/\/elmundodelapolitica.com\/v1\/wp-json\/wp\/v2\/posts"}],"about":[{"href":"https:\/\/elmundodelapolitica.com\/v1\/wp-json\/wp\/v2\/types\/post"}],"author":[{"embeddable":true,"href":"https:\/\/elmundodelapolitica.com\/v1\/wp-json\/wp\/v2\/users\/2"}],"replies":[{"embeddable":true,"href":"https:\/\/elmundodelapolitica.com\/v1\/wp-json\/wp\/v2\/comments?post=5827"}],"version-history":[{"count":1,"href":"https:\/\/elmundodelapolitica.com\/v1\/wp-json\/wp\/v2\/posts\/5827\/revisions"}],"predecessor-version":[{"id":5829,"href":"https:\/\/elmundodelapolitica.com\/v1\/wp-json\/wp\/v2\/posts\/5827\/revisions\/5829"}],"wp:featuredmedia":[{"embeddable":true,"href":"https:\/\/elmundodelapolitica.com\/v1\/wp-json\/wp\/v2\/media\/5828"}],"wp:attachment":[{"href":"https:\/\/elmundodelapolitica.com\/v1\/wp-json\/wp\/v2\/media?parent=5827"}],"wp:term":[{"taxonomy":"category","embeddable":true,"href":"https:\/\/elmundodelapolitica.com\/v1\/wp-json\/wp\/v2\/categories?post=5827"},{"taxonomy":"post_tag","embeddable":true,"href":"https:\/\/elmundodelapolitica.com\/v1\/wp-json\/wp\/v2\/tags?post=5827"}],"curies":[{"name":"wp","href":"https:\/\/api.w.org\/{rel}","templated":true}]}}