{"id":5812,"date":"2024-01-30T10:19:59","date_gmt":"2024-01-30T14:19:59","guid":{"rendered":"https:\/\/elmundodelapolitica.com\/v1\/?p=5812"},"modified":"2024-01-30T10:20:06","modified_gmt":"2024-01-30T14:20:06","slug":"reconocera-fedodim-lo-mejor-municipalidad-en-premios-juan-pablo-duarte","status":"publish","type":"post","link":"https:\/\/elmundodelapolitica.com\/v1\/reconocera-fedodim-lo-mejor-municipalidad-en-premios-juan-pablo-duarte\/","title":{"rendered":"Reconocera FEDODIM lo mejor municipalidad en Premios Juan Pablo Duarte\u00a0"},"content":{"rendered":"\n<p>Santo Domingo, R.D. Enero 2024.- La Federaci\u00f3n Dominicana de Distritos Municipales (FEDODIM) se prepara para celebrar la novena edici\u00f3n de los destacados premios \u201cJuan Pablo Duarte\u201d el pr\u00f3ximo 3 de abril a las 6:00 pm en el Teatro Nacional Eduardo Brito.&nbsp;<\/p>\n\n\n\n<p>Las categor\u00edas que ser\u00e1n reconocidas en esta nueva edici\u00f3n por su desempe\u00f1o y arduo trabajo incluyen: \u201cManejo Integral de los Residuos S\u00f3lidos y Protecci\u00f3n al Medio Ambiente\u201d, \u201cDesarrollo Cultural y Deportivo\u201d, \u201cPresupuesto Participativo\u201d, \u201cPol\u00edticas de G\u00e9nero\u201d, y \u201cTransparencia\u201d. Adem\u00e1s, este a\u00f1o se reconocer\u00e1 de manera especial al Municipio del a\u00f1o y a un gestor que ha aportado al fortalecimiento y desarrollo de los distritos municipales.<\/p>\n\n\n\n<p>El presidente de FEDODIM, Ram\u00f3n Santos, inst\u00f3 a los representantes municipales a seguir trabajando para mantener los valores patri\u00f3ticos vivos y a buscar soluciones oportunas a las situaciones de las comunidades.&nbsp;<\/p>\n\n\n\n<p>Por su parte, el director ejecutivo de FEDODIM, Dr. Pedro Richardson, resalt\u00f3 el esfuerzo y el compromiso que asume la Federaci\u00f3n Dominicana de Distritos Municipales de seguir honrando y enalteciendo los principios y gallard\u00eda de nuestro patricio Juan Pablo Duarte.<\/p>\n\n\n\n<p>El presidente de la Liga Municipal Dominicana, V\u00edctor D`Aza, se comprometi\u00f3 a seguir apoyando y trabajando de la mano de los representantes municipales, para que este 2024 sigan recibiendo los aportes necesarios para seguir trabajando a favor de la gente.<\/p>\n\n\n\n<p>Esta nueva entrega contar\u00e1 con la producci\u00f3n general y art\u00edstica del destacado productor Camilo Then, quien agradeci\u00f3 a FEDODIM por la oportunidad de creer en el talento joven y se comprometi\u00f3 a realizar una premiaci\u00f3n a la altura que merece este evento, que busca seguir sembrando los valores patri\u00f3ticos del patricio Juan Pablo Duarte en cada ciudadano.<\/p>\n\n\n\n<p>El acto, organizado por la Federaci\u00f3n Dominicana de Distritos Municipales (FEDODIM), con el patrocinio de la Liga Municipal Dominicana (LMD), otorgar\u00e1 premios met\u00e1licos de hasta medio mill\u00f3n de pesos a las juntas municipales que en el \u00faltimo a\u00f1o han presentado las mejores buenas pr\u00e1cticas en el desempe\u00f1o exitoso en su gesti\u00f3n de la comunidad.<\/p>\n\n\n\n<p>En la rueda de prensa estuvieron presentes la gerente t\u00e9cnica Licda. Sulenni Alc\u00e1ntara, as\u00ed como tambi\u00e9n, algunos alcaldes de los diferentes distritos municipales y coordinadores regionales&nbsp;de&nbsp;la&nbsp;entidad.<\/p>\n\n\n\n<figure class=\"wp-block-image size-full\"><img loading=\"lazy\" decoding=\"async\" width=\"1025\" height=\"612\" src=\"https:\/\/elmundodelapolitica.com\/v1\/wp-content\/uploads\/2024\/01\/0-5.jpg\" alt=\"\" class=\"wp-image-5813\" srcset=\"https:\/\/elmundodelapolitica.com\/v1\/wp-content\/uploads\/2024\/01\/0-5.jpg 1025w, https:\/\/elmundodelapolitica.com\/v1\/wp-content\/uploads\/2024\/01\/0-5-300x179.jpg 300w, https:\/\/elmundodelapolitica.com\/v1\/wp-content\/uploads\/2024\/01\/0-5-768x459.jpg 768w\" sizes=\"auto, (max-width: 1025px) 100vw, 1025px\" \/><\/figure>\n","protected":false},"excerpt":{"rendered":"<p>Santo Domingo, R.D. Enero 2024.- La Federaci\u00f3n Dominicana de Distritos Municipales (FEDODIM) se prepara para celebrar la novena edici\u00f3n de los destacados premios \u201cJuan Pablo Duarte\u201d el pr\u00f3ximo 3 de&hellip; <\/p>\n","protected":false},"author":2,"featured_media":5813,"comment_status":"open","ping_status":"open","sticky":false,"template":"","format":"standard","meta":{"fifu_image_url":"","fifu_image_alt":"","footnotes":""},"categories":[48],"tags":[],"class_list":["post-5812","post","type-post","status-publish","format-standard","has-post-thumbnail","hentry","category-organizaciones"],"_links":{"self":[{"href":"https:\/\/elmundodelapolitica.com\/v1\/wp-json\/wp\/v2\/posts\/5812","targetHints":{"allow":["GET"]}}],"collection":[{"href":"https:\/\/elmundodelapolitica.com\/v1\/wp-json\/wp\/v2\/posts"}],"about":[{"href":"https:\/\/elmundodelapolitica.com\/v1\/wp-json\/wp\/v2\/types\/post"}],"author":[{"embeddable":true,"href":"https:\/\/elmundodelapolitica.com\/v1\/wp-json\/wp\/v2\/users\/2"}],"replies":[{"embeddable":true,"href":"https:\/\/elmundodelapolitica.com\/v1\/wp-json\/wp\/v2\/comments?post=5812"}],"version-history":[{"count":1,"href":"https:\/\/elmundodelapolitica.com\/v1\/wp-json\/wp\/v2\/posts\/5812\/revisions"}],"predecessor-version":[{"id":5814,"href":"https:\/\/elmundodelapolitica.com\/v1\/wp-json\/wp\/v2\/posts\/5812\/revisions\/5814"}],"wp:featuredmedia":[{"embeddable":true,"href":"https:\/\/elmundodelapolitica.com\/v1\/wp-json\/wp\/v2\/media\/5813"}],"wp:attachment":[{"href":"https:\/\/elmundodelapolitica.com\/v1\/wp-json\/wp\/v2\/media?parent=5812"}],"wp:term":[{"taxonomy":"category","embeddable":true,"href":"https:\/\/elmundodelapolitica.com\/v1\/wp-json\/wp\/v2\/categories?post=5812"},{"taxonomy":"post_tag","embeddable":true,"href":"https:\/\/elmundodelapolitica.com\/v1\/wp-json\/wp\/v2\/tags?post=5812"}],"curies":[{"name":"wp","href":"https:\/\/api.w.org\/{rel}","templated":true}]}}