{"id":5808,"date":"2024-01-30T10:12:49","date_gmt":"2024-01-30T14:12:49","guid":{"rendered":"https:\/\/elmundodelapolitica.com\/v1\/?p=5808"},"modified":"2024-01-30T10:12:53","modified_gmt":"2024-01-30T14:12:53","slug":"de-camps-garcia-vaticina-triunfo-arrollador-coalicion-encabeza-prm-en-mayoria-municipios-pais","status":"publish","type":"post","link":"https:\/\/elmundodelapolitica.com\/v1\/de-camps-garcia-vaticina-triunfo-arrollador-coalicion-encabeza-prm-en-mayoria-municipios-pais\/","title":{"rendered":"De Camps Garcia vaticina triunfo arrollador Coalici\u00f3n encabeza PRM en mayor\u00eda municipios pa\u00eds.\u00a0"},"content":{"rendered":"\n<p><span lang=\"ES\" style=\"color: rgb(34, 34, 34); text-align: justify; white-space-collapse: collapse; font-size: 12pt; font-family: Montserrat;\"><b>Santo Domingo<\/b>, R.D. Enero 2024.-\u00a0El presidente del Partido Revolucionario Social Dem\u00f3crata (PRSD), Luis Miguel De Camps, realiz\u00f3 un recorrido por varias localidades del Este del pa\u00eds, incluyendo a Ver\u00f3n, B\u00e1varo, Punta Cana, La Romana y San Pedro, en apoyo a los candidatos municipales y congresuales pertenecientes a la alianza de esa entidad pol\u00edtica con el Partido Revolucionario Moderno (PRM).<\/span><p class=\"MsoNormal\" style=\"margin: 0px 0px 12pt; color: rgb(34, 34, 34); font-family: Arial, Helvetica, sans-serif; font-size: small; white-space-collapse: collapse; text-align: justify;\"><span lang=\"ES\" style=\"font-size: 12pt; font-family: Montserrat;\">El l\u00edder del PRSD exhort\u00f3 a la militancia de ese partido y a la poblaci\u00f3n en general a respaldar la propuesta electoral de estos candidatos, debido que cuentan con la experiencia necesaria y con una demostrada capacidad para producir las transformaciones necesarias en la zona.Luis Miguel De Camps expres\u00f3 que, gracias que el presidente Abinader ha sido el que m\u00e1s apoyo ha dado a los municipios y Distritos Municipales del pa\u00eds sin miramientos de bander\u00edas pol\u00edticas y que justamente esto se ha traducido en un respaldo popular hacia la causa del cambio.\u201cEl gobierno del presidente Abinader se ha caracterizado por ser un gobierno con una clara visi\u00f3n municipalista. El empoderamiento de las comunidades, por parte del presidente Abinader, a trav\u00e9s de las juntas de vecinos, fue y ha sido una demostraci\u00f3n de c\u00f3mo se gobierna por la gente y para la gente \u201cexpres\u00f3 De Camps Garcia.El recorrido realizado por el presidente del PRSD inici\u00f3 en Ver\u00f3n en una actividad de apoyo a las aspiraciones de\u00a0<a name=\"m_-9077996571772766442_m_-7944572599758904443_OLE_LINK3\" style=\"color: rgb(34, 34, 34);\">Odal\u00eds Carela y Yocasta Acosta candidatos a los puestos de director y subdirectora<\/a>\u00a0del Distrito Municipal de B\u00e1varo-Ver\u00f3n-Punta Cana, y a los candidatos a vocales por el mismo distrito: Ad\u00e1n P\u00e9rez, Laura Cifuentes, Leydi Laura Luciano, y otros.<\/span><\/p><\/p>\n\n\n\n<figure class=\"wp-block-image size-full\"><img loading=\"lazy\" decoding=\"async\" width=\"918\" height=\"612\" src=\"https:\/\/elmundodelapolitica.com\/v1\/wp-content\/uploads\/2024\/01\/0-4.jpg\" alt=\"\" class=\"wp-image-5809\" srcset=\"https:\/\/elmundodelapolitica.com\/v1\/wp-content\/uploads\/2024\/01\/0-4.jpg 918w, https:\/\/elmundodelapolitica.com\/v1\/wp-content\/uploads\/2024\/01\/0-4-300x200.jpg 300w, https:\/\/elmundodelapolitica.com\/v1\/wp-content\/uploads\/2024\/01\/0-4-768x512.jpg 768w\" sizes=\"auto, (max-width: 918px) 100vw, 918px\" \/><\/figure>\n","protected":false},"excerpt":{"rendered":"<p>Santo Domingo, R.D. Enero 2024.-\u00a0El presidente del Partido Revolucionario Social Dem\u00f3crata (PRSD), Luis Miguel De Camps, realiz\u00f3 un recorrido por varias localidades del Este del pa\u00eds, incluyendo a Ver\u00f3n, B\u00e1varo,&hellip; <\/p>\n","protected":false},"author":2,"featured_media":5809,"comment_status":"open","ping_status":"open","sticky":false,"template":"","format":"standard","meta":{"fifu_image_url":"","fifu_image_alt":"","footnotes":""},"categories":[9],"tags":[],"class_list":["post-5808","post","type-post","status-publish","format-standard","has-post-thumbnail","hentry","category-elecciones"],"_links":{"self":[{"href":"https:\/\/elmundodelapolitica.com\/v1\/wp-json\/wp\/v2\/posts\/5808","targetHints":{"allow":["GET"]}}],"collection":[{"href":"https:\/\/elmundodelapolitica.com\/v1\/wp-json\/wp\/v2\/posts"}],"about":[{"href":"https:\/\/elmundodelapolitica.com\/v1\/wp-json\/wp\/v2\/types\/post"}],"author":[{"embeddable":true,"href":"https:\/\/elmundodelapolitica.com\/v1\/wp-json\/wp\/v2\/users\/2"}],"replies":[{"embeddable":true,"href":"https:\/\/elmundodelapolitica.com\/v1\/wp-json\/wp\/v2\/comments?post=5808"}],"version-history":[{"count":1,"href":"https:\/\/elmundodelapolitica.com\/v1\/wp-json\/wp\/v2\/posts\/5808\/revisions"}],"predecessor-version":[{"id":5810,"href":"https:\/\/elmundodelapolitica.com\/v1\/wp-json\/wp\/v2\/posts\/5808\/revisions\/5810"}],"wp:featuredmedia":[{"embeddable":true,"href":"https:\/\/elmundodelapolitica.com\/v1\/wp-json\/wp\/v2\/media\/5809"}],"wp:attachment":[{"href":"https:\/\/elmundodelapolitica.com\/v1\/wp-json\/wp\/v2\/media?parent=5808"}],"wp:term":[{"taxonomy":"category","embeddable":true,"href":"https:\/\/elmundodelapolitica.com\/v1\/wp-json\/wp\/v2\/categories?post=5808"},{"taxonomy":"post_tag","embeddable":true,"href":"https:\/\/elmundodelapolitica.com\/v1\/wp-json\/wp\/v2\/tags?post=5808"}],"curies":[{"name":"wp","href":"https:\/\/api.w.org\/{rel}","templated":true}]}}