{"id":5800,"date":"2024-01-15T13:32:03","date_gmt":"2024-01-15T17:32:03","guid":{"rendered":"https:\/\/elmundodelapolitica.com\/v1\/?p=5800"},"modified":"2024-01-15T13:32:06","modified_gmt":"2024-01-15T17:32:06","slug":"reyes-recorre-provincias-del-sur-y-afirma-triunfo-prm-sellado-region","status":"publish","type":"post","link":"https:\/\/elmundodelapolitica.com\/v1\/reyes-recorre-provincias-del-sur-y-afirma-triunfo-prm-sellado-region\/","title":{"rendered":"Reyes recorre provincias del sur y afirma triunfo PRM sellado regi\u00f3n\u00a0"},"content":{"rendered":"\n<p>La miembro de la Direcci\u00f3n Ejecutiva del PRM, Gloria Reyes, inici\u00f3 este viernes una serie de visitas estrat\u00e9gicas en apoyo a los alcaldes de la regi\u00f3n sur, de cara a las elecciones municipales que se llevar\u00e1n a cabo el pr\u00f3ximo 15 de febrero.<\/p>\n\n\n\n<p>La jornada comenz\u00f3 este viernes 12 de enero con una visita a Jaquimeyes, Barahona, donde la Reyes sostuvo un encuentro con los candidatos locales, seguido de una reuni\u00f3n la dirigencia del partido en el municipio de Barahona,&nbsp; en los preparativos de la caravana del presidente Luis Abinader, donde reyes dijo que el triunfo ser\u00e1 contundente.<\/p>\n\n\n\n<p>\u201cLa oposici\u00f3n abandon\u00f3 a su suerte la regi\u00f3n sur durante 20 a\u00f1os, por eso el PRM seguir\u00e1 dominando electoralmente las provincias para consolidar todo el apoyo que desde el gobierno central y la municipalidad hemos dado a la zona m\u00e1s deprimida econ\u00f3micamente del pa\u00eds\u201d, enfatiz\u00f3 Reyes.<\/p>\n\n\n\n<p>En la tarde, la licenciada Gloria Reyes se traslad\u00f3 a Crist\u00f3bal en la Provincia Independencia, para encontrarse con el Candidato a Senador Dagoberto Adames y la candidata a la alcald\u00eda Sandra Pena. La jornada continu\u00f3 al d\u00eda siguiente con una reuni\u00f3n con los postulantes del partido en B\u00e1nica, El\u00edas Pi\u00f1a,&nbsp; coordinada por la alcaldesa local, seguida de un almuerzo en dicha localidad. Aqu\u00ed la destacada dirigente pol\u00edtica reiter\u00f3 la contundencia del triunfo en que obtendr\u00eda el PRM en febrero.<\/p>\n\n\n\n<figure class=\"wp-block-image size-full\"><img loading=\"lazy\" decoding=\"async\" width=\"914\" height=\"609\" src=\"https:\/\/elmundodelapolitica.com\/v1\/wp-content\/uploads\/2024\/01\/1-2.jpg\" alt=\"\" class=\"wp-image-5802\" srcset=\"https:\/\/elmundodelapolitica.com\/v1\/wp-content\/uploads\/2024\/01\/1-2.jpg 914w, https:\/\/elmundodelapolitica.com\/v1\/wp-content\/uploads\/2024\/01\/1-2-300x200.jpg 300w, https:\/\/elmundodelapolitica.com\/v1\/wp-content\/uploads\/2024\/01\/1-2-768x512.jpg 768w\" sizes=\"auto, (max-width: 914px) 100vw, 914px\" \/><\/figure>\n\n\n\n<p>\u201cNo tengo dudas que el triunfo est\u00e1 sellado a nivel municipal en febrero y Abinader barre en mayo por todo el sur. Las obras est\u00e1n ah\u00ed, el desarrollo tur\u00edstico de Pedernales; carreteras y otras infraestructuras en Barahona; la anhelada Presa de Monte Grande para Azua, Barahona y todo el sur profundo; circunvalaciones y decenas de obras viales, de salud y educativas en Azua y Ban\u00ed; rehabilitaci\u00f3n y ampliaci\u00f3n de importantes v\u00edas en San Crist\u00f3bal, obras para la educaci\u00f3n y apoyo a familias vulnerables con programas sociales, detall\u00f3 Reyes.&nbsp;<\/p>\n\n\n\n<p>En ese orden dijo, adem\u00e1s,&nbsp; \"El presidente Abinader inaugur\u00f3 proyectos de mejora y expansi\u00f3n de la red vial en San Jos\u00e9 de Ocoa, programas y proyectos para impulsar el desarrollo agropecuario local; hemos impulsado San Juan, Bahoruco e Independencia con nuevas obras para salud, deportes, educaci\u00f3n, viviendas y proyectos de desarrollo agropecuario\u201d, explic\u00f3.&nbsp;<\/p>\n\n\n\n<p>Luego del mediod\u00eda Reyes tambi\u00e9n se reuni\u00f3 con Gustavo Suero Candidato a alcalde en Las Matas de Farf\u00e1n. La jornada culmin\u00f3 con un encuentro con los candidatos en el municipio de San Juan, en el Comando de Campa\u00f1a de la alcaldesa Hanoy S\u00e1nchez.<\/p>\n\n\n\n<figure class=\"wp-block-image size-full\"><img loading=\"lazy\" decoding=\"async\" width=\"914\" height=\"609\" src=\"https:\/\/elmundodelapolitica.com\/v1\/wp-content\/uploads\/2024\/01\/0-3.jpg\" alt=\"\" class=\"wp-image-5801\" srcset=\"https:\/\/elmundodelapolitica.com\/v1\/wp-content\/uploads\/2024\/01\/0-3.jpg 914w, https:\/\/elmundodelapolitica.com\/v1\/wp-content\/uploads\/2024\/01\/0-3-300x200.jpg 300w, https:\/\/elmundodelapolitica.com\/v1\/wp-content\/uploads\/2024\/01\/0-3-768x512.jpg 768w\" sizes=\"auto, (max-width: 914px) 100vw, 914px\" \/><\/figure>\n","protected":false},"excerpt":{"rendered":"<p>La miembro de la Direcci\u00f3n Ejecutiva del PRM, Gloria Reyes, inici\u00f3 este viernes una serie de visitas estrat\u00e9gicas en apoyo a los alcaldes de la regi\u00f3n sur, de cara a&hellip; <\/p>\n","protected":false},"author":2,"featured_media":5802,"comment_status":"open","ping_status":"open","sticky":false,"template":"","format":"standard","meta":{"fifu_image_url":"","fifu_image_alt":"","footnotes":""},"categories":[12],"tags":[],"class_list":["post-5800","post","type-post","status-publish","format-standard","has-post-thumbnail","hentry","category-agenda-politica"],"_links":{"self":[{"href":"https:\/\/elmundodelapolitica.com\/v1\/wp-json\/wp\/v2\/posts\/5800","targetHints":{"allow":["GET"]}}],"collection":[{"href":"https:\/\/elmundodelapolitica.com\/v1\/wp-json\/wp\/v2\/posts"}],"about":[{"href":"https:\/\/elmundodelapolitica.com\/v1\/wp-json\/wp\/v2\/types\/post"}],"author":[{"embeddable":true,"href":"https:\/\/elmundodelapolitica.com\/v1\/wp-json\/wp\/v2\/users\/2"}],"replies":[{"embeddable":true,"href":"https:\/\/elmundodelapolitica.com\/v1\/wp-json\/wp\/v2\/comments?post=5800"}],"version-history":[{"count":1,"href":"https:\/\/elmundodelapolitica.com\/v1\/wp-json\/wp\/v2\/posts\/5800\/revisions"}],"predecessor-version":[{"id":5803,"href":"https:\/\/elmundodelapolitica.com\/v1\/wp-json\/wp\/v2\/posts\/5800\/revisions\/5803"}],"wp:featuredmedia":[{"embeddable":true,"href":"https:\/\/elmundodelapolitica.com\/v1\/wp-json\/wp\/v2\/media\/5802"}],"wp:attachment":[{"href":"https:\/\/elmundodelapolitica.com\/v1\/wp-json\/wp\/v2\/media?parent=5800"}],"wp:term":[{"taxonomy":"category","embeddable":true,"href":"https:\/\/elmundodelapolitica.com\/v1\/wp-json\/wp\/v2\/categories?post=5800"},{"taxonomy":"post_tag","embeddable":true,"href":"https:\/\/elmundodelapolitica.com\/v1\/wp-json\/wp\/v2\/tags?post=5800"}],"curies":[{"name":"wp","href":"https:\/\/api.w.org\/{rel}","templated":true}]}}