{"id":58,"date":"2022-09-15T22:25:48","date_gmt":"2022-09-16T02:25:48","guid":{"rendered":"https:\/\/elmundodelapolitica.com\/v1\/?p=25737"},"modified":"2022-09-26T10:36:25","modified_gmt":"2022-09-26T14:36:25","slug":"tommy-galan-exhorta-a-la-poblacion-verificar-su-recinto-de-votacion","status":"publish","type":"post","link":"https:\/\/elmundodelapolitica.com\/v1\/tommy-galan-exhorta-a-la-poblacion-verificar-su-recinto-de-votacion\/","title":{"rendered":"Tommy Gal\u00e1n exhorta a la poblaci\u00f3n verificar su recinto de votaci\u00f3n\u00a0"},"content":{"rendered":"\n<p><strong>Santo Domingo<\/strong>.- Tommy Gal\u00e1n, secretario de Asuntos Electorales del Partido de la Liberaci\u00f3n Dominicana (PLD), asegur\u00f3 que &nbsp;en el &nbsp;&nbsp;proceso de consulta programado para el 16 de octubre, todo est\u00e1 listo para garantizar la participaci\u00f3n masiva de los miembros del PLD, as\u00ed como de ciudadanos y ciudadanas que no est\u00e1n afiliados a partido alguno.<\/p>\n\n\n\n<p>Dijo &nbsp;que&nbsp; la&nbsp;&nbsp;disciplina hist\u00f3rica que caracteriza a la organizaci\u00f3n fundada por el Profesor Juan Bosch ser\u00e1 la garant\u00eda de que los recintos &nbsp;facilitados por el Ministerio de Educaci\u00f3n, que se utilizar\u00e1n en el proceso de Consulta &nbsp;ser\u00e1n entregados a tiempo y en condiciones \u00f3ptimas para que la docencia el lunes 17 de octubre.<\/p>\n\n\n\n<p>Dijo que en el proceso \u00a0estar\u00e1n integrados \u00a0alrededor \u00a040 mil personas, incluyendo\u00a0 los miembros de las llamadas Comisiones Consulta, el equivalente a los mesas; lo que garantiza una organizaci\u00f3n adecuada, que responde a un esquema transparente y participativo.<\/p>\n\n\n\n<p>Como parte del equipo t\u00e9cnico de respaldo a &nbsp;&nbsp;la Comisi\u00f3n Organizadora de la Consulta sobre Aspirantes Presidenciales (CONAP), inform\u00f3 a sus entrevistadores de Hoy mismo La S\u00faper 7&nbsp; que trabaja permanentemente de la mano de sus integrantes y de toda la dirigencia alta y media del PLD en la etapa crucial del proceso que se llevar\u00e1 el pr\u00f3ximo 16 de octubre.<\/p>\n\n\n\n<p>Se\u00f1al\u00f3 que en la consulta est\u00e1&nbsp; prevista la participaci\u00f3n de los miembros del PLD y de la poblaci\u00f3n que no est\u00e9 inscrita en otras organizaciones pol\u00edticas,&nbsp; por lo que se utilizar\u00e1&nbsp;&nbsp; un padr\u00f3n abierto.<\/p>\n\n\n\n<p>Indic\u00f3 que para el d\u00eda de las votaciones estar\u00e1n habilitados 1,589 recintos, para lo que se utilizaran las escuelas p\u00fablicas que fueron cedidas por el Poder Ejecutivo a trav\u00e9s del Ministerio de Educaci\u00f3n.<\/p>\n\n\n\n<p><strong>\u201cEn esos recintos estar\u00e1n funcionando 2,732 CCC, que no son m\u00e1s que las mesas donde la gente podr\u00e1 emitir su opini\u00f3n ese d\u00eda en todo el territorio nacional. Ese proceso se har\u00e1 de&nbsp; manera automatizada, adem\u00e1s de contar con un personal de una experiencia de m\u00e1s de 30 a\u00f1os en el manejo de procesos electorales y sobre todo en tecnolog\u00eda\u201d,&nbsp;<\/strong>declar\u00f3 el dirigente pelede\u00edsta en declaraciones rese\u00f1adas por la Secretar\u00eda de Comunicaciones del PLD.<\/p>\n\n\n\n<p>Expres\u00f3 que para tales fines, tambi\u00e9n se contrat\u00f3 una empresa privada, para manejar todo lo que tiene que ver con el software,&nbsp; la parte del escrutinio de la votaci\u00f3n, la transmisi\u00f3n y el compendio de la informaci\u00f3n de los resultados finales.<\/p>\n\n\n\n<p>Declar\u00f3 que el PLD adem\u00e1s&nbsp; ha contratado&nbsp; el acompa\u00f1amiento de una empresa prestigiosa auditora no solamente para certificar y autenticar los softwares que se est\u00e1n utilizando y&nbsp; que est\u00e1n bajo la responsabilidad de la otra empresa que fue contratada.<\/p>\n\n\n\n<p>El exsenador&nbsp; por la provincia de San Crist\u00f3bal reiter\u00f3 que&nbsp;la Junta Central Electoral no participar\u00e1 en ning\u00fan proceso hasta octubre&nbsp; del a\u00f1o 2023, conforme a lo que establece la legislaci\u00f3n, por lo que &nbsp;estableci\u00f3 con claridad cu\u00e1les ser\u00e1n sus competencias Y sus alcances, definiendo algunas limitaciones &nbsp;basadas en funci\u00f3n de las normativas que plantea la Ley Electoral.<\/p>\n\n\n\n<p>Finalmente, Tommy Gal\u00e1n pidi\u00f3 a los miembros del PLD y a la poblaci\u00f3n en general a que se verifiquen en la p\u00e1gina&nbsp;<strong>verificate.do,<\/strong>&nbsp;para que conozcan en cu\u00e1l de los recintos les tocar\u00e1 votar el pr\u00f3ximo 16 de octubre, la direcci\u00f3n del mismo y el orden en la lista.<\/p>\n","protected":false},"excerpt":{"rendered":"<p>Santo Domingo.- Tommy Gal\u00e1n, secretario de Asuntos Electorales del Partido de la Liberaci\u00f3n Dominicana (PLD), asegur\u00f3 que &nbsp;en el &nbsp;&nbsp;proceso de consulta programado para el 16 de octubre, todo est\u00e1&hellip; <\/p>\n","protected":false},"author":2,"featured_media":59,"comment_status":"closed","ping_status":"open","sticky":false,"template":"","format":"standard","meta":{"fifu_image_url":"","fifu_image_alt":"","footnotes":""},"categories":[12],"tags":[],"class_list":["post-58","post","type-post","status-publish","format-standard","has-post-thumbnail","hentry","category-agenda-politica"],"_links":{"self":[{"href":"https:\/\/elmundodelapolitica.com\/v1\/wp-json\/wp\/v2\/posts\/58","targetHints":{"allow":["GET"]}}],"collection":[{"href":"https:\/\/elmundodelapolitica.com\/v1\/wp-json\/wp\/v2\/posts"}],"about":[{"href":"https:\/\/elmundodelapolitica.com\/v1\/wp-json\/wp\/v2\/types\/post"}],"author":[{"embeddable":true,"href":"https:\/\/elmundodelapolitica.com\/v1\/wp-json\/wp\/v2\/users\/2"}],"replies":[{"embeddable":true,"href":"https:\/\/elmundodelapolitica.com\/v1\/wp-json\/wp\/v2\/comments?post=58"}],"version-history":[{"count":1,"href":"https:\/\/elmundodelapolitica.com\/v1\/wp-json\/wp\/v2\/posts\/58\/revisions"}],"predecessor-version":[{"id":455,"href":"https:\/\/elmundodelapolitica.com\/v1\/wp-json\/wp\/v2\/posts\/58\/revisions\/455"}],"wp:featuredmedia":[{"embeddable":true,"href":"https:\/\/elmundodelapolitica.com\/v1\/wp-json\/wp\/v2\/media\/59"}],"wp:attachment":[{"href":"https:\/\/elmundodelapolitica.com\/v1\/wp-json\/wp\/v2\/media?parent=58"}],"wp:term":[{"taxonomy":"category","embeddable":true,"href":"https:\/\/elmundodelapolitica.com\/v1\/wp-json\/wp\/v2\/categories?post=58"},{"taxonomy":"post_tag","embeddable":true,"href":"https:\/\/elmundodelapolitica.com\/v1\/wp-json\/wp\/v2\/tags?post=58"}],"curies":[{"name":"wp","href":"https:\/\/api.w.org\/{rel}","templated":true}]}}