{"id":5796,"date":"2024-01-15T13:30:58","date_gmt":"2024-01-15T17:30:58","guid":{"rendered":"https:\/\/elmundodelapolitica.com\/v1\/?p=5796"},"modified":"2024-01-15T13:31:00","modified_gmt":"2024-01-15T17:31:00","slug":"pena-se-compromete-hacer-gobierno-patriotico-y-nacionalista-y-expresa-apoyo-israel","status":"publish","type":"post","link":"https:\/\/elmundodelapolitica.com\/v1\/pena-se-compromete-hacer-gobierno-patriotico-y-nacionalista-y-expresa-apoyo-israel\/","title":{"rendered":"Pe\u00f1a se compromete hacer gobierno patri\u00f3tico y nacionalista y expresa apoyo Israel."},"content":{"rendered":"\n<p>Santo Domingo, R.D. Enero 15, 2024.- El candidato presidencial del partido Generaci\u00f3n de Servidores, Gens, pastor Carlos Pe\u00f1a, se comprometi\u00f3 a realizar un gobierno comprometido con el sentimiento patri\u00f3tico y nacionalista que abrazaron nuestros padres fundadores.<\/p>\n\n\n\n<p>En un multitudinario acto pol\u00edtico celebrado este fin de semana en el Polideportivo de Invivienda, Santo Domingo Este, el l\u00edder del partido celeste expres\u00f3 su compromiso con los valores de Occidente y enfatiz\u00f3 que su gobierno proteger\u00e1 las tradiciones judeocristianas sobre las cuales fue cimentada la Rep\u00fablica Dominicana.&nbsp;<\/p>\n\n\n\n<figure class=\"wp-block-image size-full\"><img loading=\"lazy\" decoding=\"async\" width=\"917\" height=\"609\" src=\"https:\/\/elmundodelapolitica.com\/v1\/wp-content\/uploads\/2024\/01\/1-1.jpg\" alt=\"\" class=\"wp-image-5798\" srcset=\"https:\/\/elmundodelapolitica.com\/v1\/wp-content\/uploads\/2024\/01\/1-1.jpg 917w, https:\/\/elmundodelapolitica.com\/v1\/wp-content\/uploads\/2024\/01\/1-1-300x199.jpg 300w, https:\/\/elmundodelapolitica.com\/v1\/wp-content\/uploads\/2024\/01\/1-1-768x510.jpg 768w\" sizes=\"auto, (max-width: 917px) 100vw, 917px\" \/><\/figure>\n\n\n\n<p>Carlos Pe\u00f1a anunci\u00f3, mientras ondeaba la bandera de Israel que Generaci\u00f3n de Servidores, GenS y sus candidatos est\u00e1n del lado de Israel, al tiempo que se comprometi\u00f3 a trasladar la embajada dominicana de Tel-Aviv a Jerusal\u00e9n, a la cual defini\u00f3 como la capital eterna de Israel.<\/p>\n\n\n\n<p>En el evento tambi\u00e9n habl\u00f3 la candidata a alcaldesa de GenS en el municipio Santo Domingo Este, la Misionera Elizabeth Pe\u00f1a Rubio, quien expres\u00f3 que esa demarcaci\u00f3n tendr\u00e1 en ella una alcaldesa de la cual creyentes y no creyentes estar\u00e1n orgullosos.<\/p>\n\n\n\n<p>Al acto tambi\u00e9n asistieron los candidatos a diputados y regidores del municipio Santo Domingo Este, as\u00ed como la dirigencia de Generaci\u00f3n de&nbsp; Servidores, GenS, en esa demarcaci\u00f3n.<\/p>\n\n\n\n<figure class=\"wp-block-image size-full\"><img loading=\"lazy\" decoding=\"async\" width=\"720\" height=\"480\" src=\"https:\/\/elmundodelapolitica.com\/v1\/wp-content\/uploads\/2024\/01\/0-2.jpg\" alt=\"\" class=\"wp-image-5797\" srcset=\"https:\/\/elmundodelapolitica.com\/v1\/wp-content\/uploads\/2024\/01\/0-2.jpg 720w, https:\/\/elmundodelapolitica.com\/v1\/wp-content\/uploads\/2024\/01\/0-2-300x200.jpg 300w\" sizes=\"auto, (max-width: 720px) 100vw, 720px\" \/><\/figure>\n","protected":false},"excerpt":{"rendered":"<p>Santo Domingo, R.D. Enero 15, 2024.- El candidato presidencial del partido Generaci\u00f3n de Servidores, Gens, pastor Carlos Pe\u00f1a, se comprometi\u00f3 a realizar un gobierno comprometido con el sentimiento patri\u00f3tico y&hellip; <\/p>\n","protected":false},"author":2,"featured_media":5798,"comment_status":"open","ping_status":"open","sticky":false,"template":"","format":"standard","meta":{"fifu_image_url":"","fifu_image_alt":"","footnotes":""},"categories":[5],"tags":[],"class_list":["post-5796","post","type-post","status-publish","format-standard","has-post-thumbnail","hentry","category-partidos"],"_links":{"self":[{"href":"https:\/\/elmundodelapolitica.com\/v1\/wp-json\/wp\/v2\/posts\/5796","targetHints":{"allow":["GET"]}}],"collection":[{"href":"https:\/\/elmundodelapolitica.com\/v1\/wp-json\/wp\/v2\/posts"}],"about":[{"href":"https:\/\/elmundodelapolitica.com\/v1\/wp-json\/wp\/v2\/types\/post"}],"author":[{"embeddable":true,"href":"https:\/\/elmundodelapolitica.com\/v1\/wp-json\/wp\/v2\/users\/2"}],"replies":[{"embeddable":true,"href":"https:\/\/elmundodelapolitica.com\/v1\/wp-json\/wp\/v2\/comments?post=5796"}],"version-history":[{"count":1,"href":"https:\/\/elmundodelapolitica.com\/v1\/wp-json\/wp\/v2\/posts\/5796\/revisions"}],"predecessor-version":[{"id":5799,"href":"https:\/\/elmundodelapolitica.com\/v1\/wp-json\/wp\/v2\/posts\/5796\/revisions\/5799"}],"wp:featuredmedia":[{"embeddable":true,"href":"https:\/\/elmundodelapolitica.com\/v1\/wp-json\/wp\/v2\/media\/5798"}],"wp:attachment":[{"href":"https:\/\/elmundodelapolitica.com\/v1\/wp-json\/wp\/v2\/media?parent=5796"}],"wp:term":[{"taxonomy":"category","embeddable":true,"href":"https:\/\/elmundodelapolitica.com\/v1\/wp-json\/wp\/v2\/categories?post=5796"},{"taxonomy":"post_tag","embeddable":true,"href":"https:\/\/elmundodelapolitica.com\/v1\/wp-json\/wp\/v2\/tags?post=5796"}],"curies":[{"name":"wp","href":"https:\/\/api.w.org\/{rel}","templated":true}]}}