{"id":579,"date":"2022-09-26T12:21:00","date_gmt":"2022-09-26T16:21:00","guid":{"rendered":"https:\/\/elmundodelapolitica.com\/v1\/?p=579"},"modified":"2022-09-26T12:46:50","modified_gmt":"2022-09-26T16:46:50","slug":"resumen-norge-mining-ltd-publica-su-informe-de-responsabilidad-empresarial","status":"publish","type":"post","link":"https:\/\/elmundodelapolitica.com\/v1\/resumen-norge-mining-ltd-publica-su-informe-de-responsabilidad-empresarial\/","title":{"rendered":"Norge Mining Ltd publica su informe de responsabilidad empresarial"},"content":{"rendered":"<p>LONDRES &#8211; Norge Mining Ltd (\"Norge Mining\" o la \"empresa\"), empresa anglonoruega de exploraci\u00f3n minera que cuenta con un recurso de primera clase de materias primas cruciales en el suroeste de Noruega, se complace en anunciar la publicaci\u00f3n de su informe empresarial responsable de 2021.<\/p>\n<p>Norge Mining se centra en tres materias primas cruciales de la UE: fosfato, vanadio y titanio. Estos materiales son de gran importancia estrat\u00e9gica para Europa, por ejemplo, para la transici\u00f3n energ\u00e9tica verde y la producci\u00f3n de alimentos.<\/p>\n","protected":false},"excerpt":{"rendered":"<div>\n<p>LONDRES&#8211;(BUSINESS WIRE)&#8211;<strong>Norge Mining Ltd<\/strong> (\"Norge Mining\" o la \"empresa\"), empresa anglonoruega de exploraci\u00f3n minera que cuenta con un recurso de primera clase de materias primas cruciales en el suroeste de Noruega, se complace en anunciar la publicaci\u00f3n de su informe empresarial responsable de 2021.\n<\/p>\n<p><a href=\"https:\/\/mms.businesswire.com\/media\/20220925005045\/es\/1582037\/5\/FSE_Client_diagramVertical_%28002%29.jpg\"><img decoding=\"async\" src=\"https:\/\/mms.businesswire.com\/media\/20220925005042\/en\/1582037\/21\/FSE_Client_diagramVertical_%28002%29.jpg\"><\/a><\/p>\n<p>\nNorge Mining se centra en tres materias primas cruciales de la UE: fosfato, vanadio y titanio. Estos materiales son de gran importancia estrat\u00e9gica para Europa, por ejemplo, para la transici\u00f3n energ\u00e9tica verde y la producci\u00f3n de alimentos.\n<\/p>\n<p>\nEl comunicado en el idioma original es la versi\u00f3n oficial y autorizada del mismo. Esta traducci\u00f3n es solamente un medio de ayuda y deber\u00e1 ser comparada con el texto en idioma original, que es la \u00fanica versi\u00f3n del texto que tendr\u00e1 validez legal.\n<\/p>\n<p> <b>Contacts<\/b> <\/p>\n<p>\n<strong>For media enquiries, please contact:<\/strong><br \/><strong>Buchanan Communications<\/strong><br \/>Mark Court \/ George Cleary<br \/>\n<br \/>+44 (0) 20 7466 5000<br \/>\n<br \/><a target=\"_blank\" href=\"mailto:norgemining@buchanan.uk.com\" rel=\"nofollow noopener\" shape=\"rect\">norgemining@buchanan.uk.com<\/a>\n<\/p>\n<\/div>\n","protected":false},"author":2,"featured_media":588,"comment_status":"closed","ping_status":"closed","sticky":false,"template":"","format":"standard","meta":{"fifu_image_url":"","fifu_image_alt":"","footnotes":""},"categories":[44],"tags":[],"class_list":["post-579","post","type-post","status-publish","format-standard","has-post-thumbnail","hentry","category-business-wire"],"_links":{"self":[{"href":"https:\/\/elmundodelapolitica.com\/v1\/wp-json\/wp\/v2\/posts\/579","targetHints":{"allow":["GET"]}}],"collection":[{"href":"https:\/\/elmundodelapolitica.com\/v1\/wp-json\/wp\/v2\/posts"}],"about":[{"href":"https:\/\/elmundodelapolitica.com\/v1\/wp-json\/wp\/v2\/types\/post"}],"author":[{"embeddable":true,"href":"https:\/\/elmundodelapolitica.com\/v1\/wp-json\/wp\/v2\/users\/2"}],"replies":[{"embeddable":true,"href":"https:\/\/elmundodelapolitica.com\/v1\/wp-json\/wp\/v2\/comments?post=579"}],"version-history":[{"count":2,"href":"https:\/\/elmundodelapolitica.com\/v1\/wp-json\/wp\/v2\/posts\/579\/revisions"}],"predecessor-version":[{"id":590,"href":"https:\/\/elmundodelapolitica.com\/v1\/wp-json\/wp\/v2\/posts\/579\/revisions\/590"}],"wp:featuredmedia":[{"embeddable":true,"href":"https:\/\/elmundodelapolitica.com\/v1\/wp-json\/wp\/v2\/media\/588"}],"wp:attachment":[{"href":"https:\/\/elmundodelapolitica.com\/v1\/wp-json\/wp\/v2\/media?parent=579"}],"wp:term":[{"taxonomy":"category","embeddable":true,"href":"https:\/\/elmundodelapolitica.com\/v1\/wp-json\/wp\/v2\/categories?post=579"},{"taxonomy":"post_tag","embeddable":true,"href":"https:\/\/elmundodelapolitica.com\/v1\/wp-json\/wp\/v2\/tags?post=579"}],"curies":[{"name":"wp","href":"https:\/\/api.w.org\/{rel}","templated":true}]}}