{"id":5780,"date":"2023-12-14T22:02:31","date_gmt":"2023-12-15T02:02:31","guid":{"rendered":"https:\/\/elmundodelapolitica.com\/v1\/?p=5780"},"modified":"2023-12-14T22:02:33","modified_gmt":"2023-12-15T02:02:33","slug":"gobierno-e-u-promueve-equidad-y-oportunidades-para-comunidades-latinas","status":"publish","type":"post","link":"https:\/\/elmundodelapolitica.com\/v1\/gobierno-e-u-promueve-equidad-y-oportunidades-para-comunidades-latinas\/","title":{"rendered":"Gobierno E.U. promueve equidad y oportunidades para comunidades latinas"},"content":{"rendered":"\n<p>Desde los muchos trabajadores y empresarios latinos que ayudan a impulsar la econom\u00eda de nuestra naci\u00f3n hasta los l\u00edderes latinos rompiendo barreras nombrados por el presidente Biden al gobierno federal, la comunidad latina ha encarnado la verdad de que nuestra diversidad es nuestra fuerza como naci\u00f3n. Este Mes de la Herencia Hispana, la administraci\u00f3n Biden-Harris contin\u00faa celebrando los notables logros y contribuciones de la comunidad latina. A trav\u00e9s de las principales leyes y \u00f3rdenes ejecutivas que el presidente ha firmado, desde el Plan de Rescate Econ\u00f3mico, la Ley Bipartidista de Infraestructura, la Ley CHIPS y Ciencia, la Ley de Reducci\u00f3n de la Inflaci\u00f3n, dos \u00f3rdenes ejecutivas sobre equidad racial y m\u00e1s, el presidente Biden y la vicepresidenta Harris continuar\u00e1n invirtiendo en el futuro de las comunidades latinas.&nbsp;<\/p>\n\n\n\n<p><strong>Mayor oportunidad econ\u00f3mica para familias y comunidades latinas&nbsp;<\/strong><\/p>\n\n\n\n<p>El plan econ\u00f3mico del presidente Biden, Bidenom\u00eda, invierte en el futuro de todas las comunidades, incluidas las comunidades latinas, al realizar inversiones p\u00fablicas inteligentes en los Estados Unidos, al empoderar y educar a los trabajadores para hacer crecer la clase media, y al promover la competencia para reducir los costos y ayudar a que los empresarios y las peque\u00f1as empresas prosperen. Y esta visi\u00f3n ya est\u00e1 dando resultados. La bidenom\u00eda:&nbsp;<\/p>\n\n\n\n<ul class=\"wp-block-list\">\n<li>Cre\u00f3 13.5 millones de empleos, que incluyen cerca de 4 millones para trabajadores latinos, y alcanz\u00f3 la tasa de desempleo latino m\u00e1s baja jam\u00e1s registrada.<\/li>\n\n\n\n<li>Logr\u00f3 bajar a tasas r\u00e9cord la pobreza infantil latina en 2021, debido en gran parte a la expansi\u00f3n del Cr\u00e9dito Tributario por Hijos del Plan de Rescate Econ\u00f3mico.&nbsp;<\/li>\n\n\n\n<li>Triplic\u00f3 el Cr\u00e9dito Tributario por Ingreso del Trabajo para 17 millones de trabajadores sin hijos dependientes; se estima que el 26% de todos los trabajadores beneficiados son latinos.&nbsp;&nbsp;<\/li>\n\n\n\n<li>Comenz\u00f3 a revertir d\u00e9cadas de desinversi\u00f3n en infraestructura, que incluyeron $4 mil millones para reconectar comunidades que anteriormente estaban aisladas de oportunidades econ\u00f3micas debido a la infraestructura de transporte y para ayudar a concretar proyectos de transporte en comunidades desatendidas, tambi\u00e9n en comunidades latinas.<\/li>\n\n\n\n<li>Comenz\u00f3 a cerrar la brecha digital para las familias latinas, con financiamiento y el compromiso de conectar a todas las personas en los Estados Unidos a Internet de alta velocidad confiable y asequible para 2030. M\u00e1s de un tercio de los hogares latinos informan que no tienen Internet de alta velocidad en casa.<\/li>\n\n\n\n<li>Se realiz\u00f3 la mayor inversi\u00f3n para abordar la contaminaci\u00f3n heredada en la historia de los Estados Unidos, que afecta de manera desproporcionada a las comunidades de color: El 29% de los latinos vive a menos de tres millas de un sitio Superfund.&nbsp;<\/li>\n<\/ul>\n\n\n\n<p><strong>Ayudar a las peque\u00f1as empresas propiedad de latinos a crecer y prosperar<\/strong><\/p>\n\n\n\n<p>Bajo la administraci\u00f3n Biden-Harris, los empresarios latinos han iniciado nuevos negocios al ritmo m\u00e1s r\u00e1pido en m\u00e1s de 10 a\u00f1os, m\u00e1s r\u00e1pido que cualquier otro grupo demogr\u00e1fico del pa\u00eds. Para continuar con este impulso, en la administraci\u00f3n Biden-Harris:<\/p>\n\n\n\n<ul class=\"wp-block-list\">\n<li>Se mejoraron los programas emblem\u00e1ticos de garant\u00eda de pr\u00e9stamos de la Administraci\u00f3n de Peque\u00f1as Empresas (SBA) para ampliar la disponibilidad de pr\u00e9stamos peque\u00f1os en d\u00f3lares para comunidades desatendidas. Desde el a\u00f1o fiscal 2020, la cantidad de pr\u00e9stamos comerciales respaldados por la SBA a empresarios latinos aument\u00f3 en m\u00e1s del 80%.<\/li>\n\n\n\n<li>Lanz\u00f3 un esfuerzo de todo el gobierno para ampliar el acceso a contratos federales y otorg\u00f3 una cantidad r\u00e9cord de $69.9 mil millones a peque\u00f1as empresas desfavorecidas el a\u00f1o fiscal anterior.&nbsp;<\/li>\n\n\n\n<li>A trav\u00e9s del Programa de Inversi\u00f3n de Capital de Emergencia del Departamento del Tesoro, se invirtieron $1.6 mil millones en instituciones depositarias de propiedad y accionistas latinos.<\/li>\n\n\n\n<li>A trav\u00e9s de la Iniciativa de Cr\u00e9dito Estatal para Peque\u00f1as Empresas del Departamento del Tesoro, se proporcionaron $2,500 millones en financiamiento y asignaciones de incentivos para respaldar la provisi\u00f3n de capital a empresas desatendidas; $1,000 millones de estos fondos se otorgar\u00e1n a las jurisdicciones que tengan m\u00e1s \u00e9xito en llegar a empresas desatendidas.&nbsp;<\/li>\n<\/ul>\n\n\n\n<p><strong>Garantizar oportunidades educativas equitativas para los estudiantes latinos<\/strong><\/p>\n\n\n\n<p>Para ampliar las oportunidades educativas para la comunidad latina de jard\u00edn de infantes a 12.\u00ba grado y posteriormente, la administraci\u00f3n Biden-Harris:<\/p>\n\n\n\n<ul class=\"wp-block-list\">\n<li>Garantiz\u00f3 un aumento del 30% en la financiaci\u00f3n de asistencia para el cuidado infantil el a\u00f1o pasado. El 25% de las familias que se benefician de la asistencia federal para el cuidado infantil son familias latinas. Adem\u00e1s, el Presidente asegur\u00f3 mil millones de d\u00f3lares adicionales para Head Start, un programa donde m\u00e1s de un tercio de los ni\u00f1os y mujeres embarazadas que se benefician se identifican como latinos.<\/li>\n\n\n\n<li>A trav\u00e9s del Plan de Rescate Econ\u00f3mico, se obtuvieron $130 mil millones (la mayor inversi\u00f3n en educaci\u00f3n p\u00fablica de la historia) para ayudar a los estudiantes a regresar a la escuela y recuperarse acad\u00e9micamente tras la pandemia de COVID-19.<\/li>\n\n\n\n<li>Restableci\u00f3 la Iniciativa de la Casa Blanca para promover la equidad, la excelencia y las oportunidades econ\u00f3micas educativas para los hispanos.<\/li>\n\n\n\n<li>Aprob\u00f3 m\u00e1s de $117 mil millones en cancelaci\u00f3n de deuda de pr\u00e9stamos estudiantiles para 3.4 millones de estadounidenses y lanz\u00f3 un nuevo plan de pago de pr\u00e9stamos estudiantiles, el plan Ahorro para una Educaci\u00f3n Valiosa (SAVE, Saving on a Valuable Education) para ayudar a muchos estudiantes y familias a reducir a la mitad sus pagos totales de por vida por cada d\u00f3lar prestado.<\/li>\n\n\n\n<li>Defendi\u00f3 el aumento m\u00e1s grande de las Becas Pell en la \u00faltima d\u00e9cada; un aumento combinado de $900 a la asignaci\u00f3n m\u00e1xima en los \u00faltimos dos a\u00f1os para beneficiar a los estudiantes de ingresos bajos y medios.<\/li>\n\n\n\n<li>Invirti\u00f3 casi $15 mil millones en escuelas superiores y universidades que prestan servicios a hispanos, la mayor inversi\u00f3n en el futuro de los estudiantes hispanos en toda nuestra historia.&nbsp;&nbsp;<\/li>\n\n\n\n<li>Mejor\u00f3 el programa de condonaci\u00f3n de pr\u00e9stamos por servicio p\u00fablico, para que todos los prestatarios calificados obtengan el alivio de la deuda al que tienen derecho.&nbsp; M\u00e1s de 662,000 servidores p\u00fablicos han recibido m\u00e1s de 42,000 millones de d\u00f3lares en condonaci\u00f3n de pr\u00e9stamos desde octubre de 2021.<\/li>\n<\/ul>\n\n\n\n<p><strong>Empoderar y proteger a los trabajadores latinos<\/strong><\/p>\n\n\n\n<p>Para empoderar y proteger a todos los trabajadores, incluidos los trabajadores latinos, la administraci\u00f3n Biden-Harris:<\/p>\n\n\n\n<ul class=\"wp-block-list\">\n<li>Proporcion\u00f3 $40 mil millones en fondos del Plan de Rescate Econ\u00f3mico a estados, localidades, escuelas superiores comunitarias y organizaciones locales para brindar capacitaci\u00f3n, ampliar las trayectorias profesionales, fomentar m\u00e1s aprendizajes registrados, proporcionar bonificaciones de retenci\u00f3n y contrataci\u00f3n en industrias cr\u00edticas e impulsar esfuerzos para ayudar a los estadounidenses desatendidos y a aquellos que enfrentan barreras de acceso al empleo a conseguir buenos trabajos.&nbsp; Las personas que se identifican como hispanas ahora representan el 22% de todos los aprendices, cifra superior a su participaci\u00f3n del 18% en la fuerza laboral general.<\/li>\n\n\n\n<li>Protegi\u00f3 a los trabajadores, incluidos los trabajadores latinos, que sufren temperaturas extraordinariamente altas cuando trabajan al aire libre al ordenar al Departamento de Trabajo que emita la primera Alerta de Peligro por calor y aumente la aplicaci\u00f3n de la ley para proteger a los trabajadores del calor extremo.&nbsp;&nbsp;<\/li>\n\n\n\n<li>Actualiz\u00f3 los est\u00e1ndares salariales vigentes Davis-Bacon por primera vez en casi 40 a\u00f1os, lo que aumentar\u00e1 los salarios con el tiempo para un mill\u00f3n de trabajadores de la construcci\u00f3n, incluidos los trabajadores latinos.<\/li>\n\n\n\n<li>Propuso una nueva norma para ampliar el pago de horas extras a hasta 3.6 millones de trabajadores, incluidos 420,000 trabajadores latinos, y aumentar el umbral salarial de las horas extras de unos 36,000 d\u00f3lares al a\u00f1o a aproximadamente 55,000 d\u00f3lares al a\u00f1o.&nbsp;<\/li>\n<\/ul>\n\n\n\n<p><strong>Mejorar la salud de las comunidades latinas<\/strong><\/p>\n\n\n\n<p>El presidente Biden cree que somos m\u00e1s fuertes como naci\u00f3n cuando trabajamos juntos para mejorar el bienestar de todos. Para mejorar la salud de los latinos, la administraci\u00f3n Biden-Harris:<\/p>\n\n\n\n<ul class=\"wp-block-list\">\n<li>Ayud\u00f3 a aumentar el n\u00famero de latinos inscritos en la cobertura de atenci\u00f3n de la salud a trav\u00e9s de la Ley del Cuidado de Salud a Bajo Precio en 900,000, o 53%, de 2020 a 2022, lo que ayuda a m\u00e1s latinos a obtener seguro m\u00e9dico.&nbsp;<\/li>\n\n\n\n<li>A trav\u00e9s de la Ley de Reducci\u00f3n de la Inflaci\u00f3n, se aseguraron primas mensuales m\u00e1s bajas y se ayud\u00f3 a cerrar la brecha en el acceso a los medicamentos lo que mejora la cobertura de medicamentos recetados y reduce los costos de los medicamentos en Medicare.&nbsp; Durante los pr\u00f3ximos 4 a\u00f1os, Medicare negociar\u00e1 los precios de hasta 60 medicamentos cubiertos por las Partes D y B de Medicare, y hasta 20 medicamentos adicionales cada a\u00f1o a partir de entonces.&nbsp;&nbsp;<\/li>\n\n\n\n<li>Asign\u00f3 $7.6 mil de millones a trav\u00e9s del Plan de Rescate Econ\u00f3mico a casi 1,400 centros de salud comunitarios, que atienden predominantemente a latinos y comunidades de color, y proporcion\u00f3 acceso a un plan de prima cero al 69% de los adultos latinos sin seguro y acceso a un plan de salud por menos de $50 al mes al 80%.&nbsp;<\/li>\n\n\n\n<li>Realiz\u00f3 una inversi\u00f3n hist\u00f3rica de $1.5 mil millones para crecer y diversificar la fuerza laboral de atenci\u00f3n de la salud del pa\u00eds a trav\u00e9s de programas como el Cuerpo del Servicio Nacional de Salud, donde el 13% de los m\u00e9dicos de atenci\u00f3n primaria son latinos (en comparaci\u00f3n con el 6% en la fuerza laboral m\u00e9dica nacional).<\/li>\n\n\n\n<li>A trav\u00e9s del Comit\u00e9 Directivo de Acceso Ling\u00fc\u00edstico del Departamento de Salud y Servicios Humanos, se dio prioridad a brindar acceso a servicios ling\u00fc\u00edsticos apropiados para la salud y los servicios de atenci\u00f3n de salud del comportamiento para mejorar los resultados de salud y reducir las disparidades de salud para las comunidades desatendidas, incluidos los latinos.<\/li>\n\n\n\n<li>La Administraci\u00f3n Biden-Harris est\u00e1 liderando la agenda clim\u00e1tica, de conservaci\u00f3n y de justicia ambiental m\u00e1s ambiciosa de la historia. Esto incluye la&nbsp;<a href=\"https:\/\/www.whitehouse.gov\/environmentaljustice\/justice40\/\">iniciativa Justice40<\/a>, la cual entrega el 40% de ciertas inversiones federales en energ\u00eda limpia, viviendas asequibles y sostenibles, agua potable y otros programas a comunidades desfavorecidas que est\u00e1n marginadas y enfrentan las consecuencias de la contaminaci\u00f3n. La Administraci\u00f3n tambi\u00e9n est\u00e1 trabajando para reemplazar todas las tuber\u00edas de plomo en Estados Unidos, garantizar que millones de hogares de bajos ingresos tengan acceso a energ\u00eda solar limpia y asequible a trav\u00e9s de la Ley de Reducci\u00f3n de la Inflaci\u00f3n, y m\u00e1s. Adem\u00e1s, el presidente Biden lanz\u00f3 el&nbsp;<a href=\"https:\/\/www.whitehouse.gov\/briefing-room\/statements-releases\/2023\/09\/20\/fact-sheet-biden-harris-administration-launches-american-climate-corps-to-train-young-people-in-clean-energy-conservation-and-climate-resilience-skills-create-good-paying-jobs-and-tackle-the-clima\/\">American Climate Corps<\/a>, una iniciativa de capacitaci\u00f3n laboral que emplear\u00e1 a m\u00e1s de 20.000 j\u00f3venes en los crecientes campos de la energ\u00eda limpia, la conservaci\u00f3n y la resiliencia clim\u00e1tica, priorizando la equidad y la justicia ambiental y aprovechando los talentos de todos los miembros de la sociedad.<\/li>\n<\/ul>\n\n\n\n<p><strong>Mejorar nuestro sistema de inmigraci\u00f3n<\/strong><\/p>\n\n\n\n<p>La administraci\u00f3n Biden-Harris sigue comprometida con la b\u00fasqueda de una legislaci\u00f3n que reforme el sistema migratorio, incluido un camino hacia la ciudadan\u00eda para los Dreamers, los trabajadores agr\u00edcolas y otros, y seguir\u00e1 pidiendo al Congreso que realice reformas necesarias a las leyes de inmigraci\u00f3n de Estados Unidos. Para mejorar nuestro sistema de inmigraci\u00f3n, la administraci\u00f3n Biden-Harris:&nbsp;<\/p>\n\n\n\n<ul class=\"wp-block-list\">\n<li>Emiti\u00f3 un Memorando Presidencial del D\u00eda 1 en el que se instruye al Secretario de Seguridad Nacional, en consulta con el Fiscal General, a tomar medidas para preservar y fortalecer la pol\u00edtica de Acci\u00f3n Diferida para los Llegados en la Infancia (DACA) de 2012, seg\u00fan la cual los j\u00f3venes inmigrantes indocumentados elegibles reciben protecci\u00f3n temporal de retiro y autorizaci\u00f3n de trabajo.&nbsp; En octubre de 2022, el Departamento de Seguridad Nacional emiti\u00f3 una norma final que codifica la pol\u00edtica de DACA. El Departamento de Justicia contin\u00faa defendiendo la DACA de los desaf\u00edos legales.<\/li>\n\n\n\n<li>Estableci\u00f3 programas que permiten a los no ciudadanos solicitar citas en los puertos de entrada o solicitar v\u00edas legales en centros de procesamiento en el extranjero, adem\u00e1s de crear un programa de libertad condicional para no ciudadanos de Cuba, Hait\u00ed, Nicaragua y Venezuela.&nbsp;&nbsp;<\/li>\n\n\n\n<li>Proporcion\u00f3 protecci\u00f3n continua a salvadore\u00f1os, hondure\u00f1os, nicarag\u00fcenses y venezolanos a trav\u00e9s del Estatus de Protecci\u00f3n Temporal (TPS por sus siglas en ingl\u00e9s).<\/li>\n\n\n\n<li>Instruy\u00f3 al Fiscal General, al Secretario de Seguridad Nacional y al Secretario de Estado a mejorar el procesamiento de naturalizaci\u00f3n, identificar y eliminar barreras a la naturalizaci\u00f3n y reducir los retrasos en las solicitudes de naturalizaci\u00f3n.&nbsp; A principios de este a\u00f1o, y de conformidad con la directiva del Presidente, los Servicios de Inmigraci\u00f3n y Ciudadan\u00eda de los Estados Unidos publicaron una gu\u00eda para simplificar el proceso de naturalizaci\u00f3n de las personas que sirven en las fuerzas armadas de los EE.&nbsp;UU. y para aclarar los procesos de naturalizaci\u00f3n de los ni\u00f1os adoptados.<\/li>\n<\/ul>\n\n\n\n<p><strong>Mejorar la confianza p\u00fablica y fortalecer la seguridad p\u00fablica de las comunidades latinas<\/strong><\/p>\n\n\n\n<p>Nuestro sistema de justicia penal debe proteger al p\u00fablico y garantizar una justicia equitativa e imparcial para todos. Estos son objetivos que se refuerzan mutuamente. Para mejorar la igualdad de justicia y la seguridad p\u00fablica en todas las comunidades, incluida la comunidad latina, el Presidente:<\/p>\n\n\n\n<ul class=\"wp-block-list\">\n<li>Promulg\u00f3 la Ley Bipartidista de Comunidades Seguras (BSCA por sus siglas en ingl\u00e9s), la legislaci\u00f3n de reducci\u00f3n de la violencia armada m\u00e1s importante promulgada en casi 30 a\u00f1os, tomando medidas ejecutivas m\u00e1s significativas que cualquier otro presidente para lograr que nuestras escuelas, iglesias, tiendas y comunidades sean m\u00e1s seguras.&nbsp; Adem\u00e1s, estableci\u00f3 la primera Oficina de la Casa Blanca para la Prevenci\u00f3n de la Violencia Armada. Los latinos tienen el doble de probabilidades de ser v\u00edctimas de violencia armada y de homicidios.<\/li>\n\n\n\n<li>Firm\u00f3 una Orden Ejecutiva hist\u00f3rica para poner a la polic\u00eda federal en el camino de convertirse en el est\u00e1ndar de oro de efectividad y rendici\u00f3n de cuentas al exigir a las agencias federales de aplicaci\u00f3n de la ley que proh\u00edban los estrangulamientos; restrinjan las garant\u00edas sin contacto; exijan el uso de c\u00e1maras corporales; implementen pol\u00edticas m\u00e1s estrictas de uso de la fuerza; proporcionen formaci\u00f3n para reducir la tensi\u00f3n; env\u00eden datos sobre el uso de la fuerza; presenten registros de mala conducta de los oficiales a una nueva base de datos nacional de rendici\u00f3n de cuentas; y restrinjan la venta o transferencia de equipo militar a las agencias policiales locales, entre otras cosas.&nbsp;<\/li>\n\n\n\n<li>Tom\u00f3 medidas decisivas e hist\u00f3ricas para hacer que las comunidades de Estados Unidos sean m\u00e1s seguras, incluyendo un llamado al Congreso a invertir aproximadamente $25 mil millones en la aplicaci\u00f3n de la ley federal, estatal, local y tribal para prevenir y reducir el crimen a trav\u00e9s de estrategias basadas en evidencia; proteger los derechos civiles; y financiar oficiales adicionales para una actuaci\u00f3n policial segura, efectiva y orientada a la comunidad, consistente con los est\u00e1ndares de la Orden Ejecutiva del Presidente para mejorar la confianza y la seguridad p\u00fablica.<\/li>\n\n\n\n<li>Asegur\u00f3 el primer env\u00edo de fondos dedicado a programas comunitarios de intervenci\u00f3n contra la violencia que han reducido la violencia hasta en un 60%.<\/li>\n<\/ul>\n","protected":false},"excerpt":{"rendered":"<p>Desde los muchos trabajadores y empresarios latinos que ayudan a impulsar la econom\u00eda de nuestra naci\u00f3n hasta los l\u00edderes latinos rompiendo barreras nombrados por el presidente Biden al gobierno federal,&hellip; <\/p>\n","protected":false},"author":2,"featured_media":5781,"comment_status":"open","ping_status":"open","sticky":false,"template":"","format":"standard","meta":{"fifu_image_url":"","fifu_image_alt":"","footnotes":""},"categories":[54],"tags":[],"class_list":["post-5780","post","type-post","status-publish","format-standard","has-post-thumbnail","hentry","category-politica_exterior"],"_links":{"self":[{"href":"https:\/\/elmundodelapolitica.com\/v1\/wp-json\/wp\/v2\/posts\/5780","targetHints":{"allow":["GET"]}}],"collection":[{"href":"https:\/\/elmundodelapolitica.com\/v1\/wp-json\/wp\/v2\/posts"}],"about":[{"href":"https:\/\/elmundodelapolitica.com\/v1\/wp-json\/wp\/v2\/types\/post"}],"author":[{"embeddable":true,"href":"https:\/\/elmundodelapolitica.com\/v1\/wp-json\/wp\/v2\/users\/2"}],"replies":[{"embeddable":true,"href":"https:\/\/elmundodelapolitica.com\/v1\/wp-json\/wp\/v2\/comments?post=5780"}],"version-history":[{"count":1,"href":"https:\/\/elmundodelapolitica.com\/v1\/wp-json\/wp\/v2\/posts\/5780\/revisions"}],"predecessor-version":[{"id":5782,"href":"https:\/\/elmundodelapolitica.com\/v1\/wp-json\/wp\/v2\/posts\/5780\/revisions\/5782"}],"wp:featuredmedia":[{"embeddable":true,"href":"https:\/\/elmundodelapolitica.com\/v1\/wp-json\/wp\/v2\/media\/5781"}],"wp:attachment":[{"href":"https:\/\/elmundodelapolitica.com\/v1\/wp-json\/wp\/v2\/media?parent=5780"}],"wp:term":[{"taxonomy":"category","embeddable":true,"href":"https:\/\/elmundodelapolitica.com\/v1\/wp-json\/wp\/v2\/categories?post=5780"},{"taxonomy":"post_tag","embeddable":true,"href":"https:\/\/elmundodelapolitica.com\/v1\/wp-json\/wp\/v2\/tags?post=5780"}],"curies":[{"name":"wp","href":"https:\/\/api.w.org\/{rel}","templated":true}]}}