{"id":5770,"date":"2023-11-27T18:02:43","date_gmt":"2023-11-27T22:02:43","guid":{"rendered":"https:\/\/elmundodelapolitica.com\/v1\/?p=5770"},"modified":"2023-11-27T18:02:46","modified_gmt":"2023-11-27T22:02:46","slug":"avanza-mived-operativos-reconstruccion-viviendas-afectadas-disturbio-tropical","status":"publish","type":"post","link":"https:\/\/elmundodelapolitica.com\/v1\/avanza-mived-operativos-reconstruccion-viviendas-afectadas-disturbio-tropical\/","title":{"rendered":"Avanza MIVED operativos reconstrucci\u00f3n viviendas afectadas disturbio tropical"},"content":{"rendered":"\n<p>El Ministerio de la Vivienda y Edificaciones (MIVED) avanza a ritmo acelerado los trabajos de reconstrucci\u00f3n de viviendas en varias provincias que resultaron afectadas por el disturbio tropical que se registr\u00f3 en el pa\u00eds el pasado fin de semana.<\/p>\n\n\n\n<p>Este jueves, el Ministro de Vivienda, Carlos Bonilla S\u00e1nchez, se traslad\u00f3 a Manoguayabo, Santo Domingo Oeste, una de las zonas m\u00e1s afectadas por el fen\u00f3meno atmosf\u00e9rico.<\/p>\n\n\n\n<p>Al ser entrevistado en Bellas Colinas por el programa Despierta CDN, con F\u00e9lix Victorino y Julissa C\u00e9spedes, Bonilla S\u00e1nchez asegur\u00f3 que no quedar\u00e1 una sola casa afectada sin ser intervenida por el MIVED.<\/p>\n\n\n\n<p>\u201cDesde el primer momento que se present\u00f3 en nuestro pa\u00eds la situaci\u00f3n de emergencia causada por las lluvias, el MIVED despleg\u00f3 sus brigadas de acci\u00f3n r\u00e1pida para atender a las personas m\u00e1s vulnerables y a todas las familias afectadas\u201d, dijo el funcionario.<\/p>\n\n\n\n<p>Detall\u00f3 que hasta el momento, m\u00e1s de 40 viviendas han sido intervenidas por las brigadas del MIVED en Bellas Colinas y Lecher\u00eda, en Manoguayabo.<\/p>\n\n\n\n<p>Los equipos del MIVED se encuentran apostados en la demarcaci\u00f3n identificando otras viviendas que podr\u00edan haber sido afectadas por el disturbio tropical que afect\u00f3 al pa\u00eds hace varios d\u00edas.<\/p>\n\n\n\n<figure class=\"wp-block-image size-large\"><img loading=\"lazy\" decoding=\"async\" width=\"1024\" height=\"656\" src=\"https:\/\/elmundodelapolitica.com\/v1\/wp-content\/uploads\/2023\/11\/0-11-1024x656.jpg\" alt=\"\" class=\"wp-image-5771\" srcset=\"https:\/\/elmundodelapolitica.com\/v1\/wp-content\/uploads\/2023\/11\/0-11-1024x656.jpg 1024w, https:\/\/elmundodelapolitica.com\/v1\/wp-content\/uploads\/2023\/11\/0-11-300x192.jpg 300w, https:\/\/elmundodelapolitica.com\/v1\/wp-content\/uploads\/2023\/11\/0-11-768x492.jpg 768w, https:\/\/elmundodelapolitica.com\/v1\/wp-content\/uploads\/2023\/11\/0-11.jpg 1153w\" sizes=\"auto, (max-width: 1024px) 100vw, 1024px\" \/><\/figure>\n\n\n\n<p>\u201cNuestro compromiso es darle toda la celeridad posible a la atenci\u00f3n de esta emergencia para que ning\u00fan dominicano, afectado por las lluvias, se sienta solo o desprotegido\u201d, puntualiz\u00f3 Bonilla S\u00e1nchez.<\/p>\n\n\n\n<p>Igualmente, el MIVED realiza reparaciones de viviendas en otras zonas como el Distrito Nacional, Santo Domingo Norte, Azua, San Jos\u00e9 de Ocoa y Cotu\u00ed, en S\u00e1nchez Ram\u00edrez.<\/p>\n\n\n\n<p>Los equipos de la instituci\u00f3n se han mantenido distribuyendo materiales y equipos de construcci\u00f3n para agilizar los trabajos de reparaci\u00f3n de cerca de 7,500&nbsp; viviendas perjudicadas por los torrenciales aguaceros.<\/p>\n\n\n\n<p>Los trabajos de reconstrucci\u00f3n de viviendas se realizan en coordinaci\u00f3n con las autoridades de cada una de las zonas visitadas por el Ministro Carlos Bonilla, Viceministros, Directores y brigadas del MIVED.<\/p>\n\n\n\n<figure class=\"wp-block-image size-large\"><img loading=\"lazy\" decoding=\"async\" width=\"1024\" height=\"669\" src=\"https:\/\/elmundodelapolitica.com\/v1\/wp-content\/uploads\/2023\/11\/1-2-1024x669.jpg\" alt=\"\" class=\"wp-image-5772\" srcset=\"https:\/\/elmundodelapolitica.com\/v1\/wp-content\/uploads\/2023\/11\/1-2-1024x669.jpg 1024w, https:\/\/elmundodelapolitica.com\/v1\/wp-content\/uploads\/2023\/11\/1-2-300x196.jpg 300w, https:\/\/elmundodelapolitica.com\/v1\/wp-content\/uploads\/2023\/11\/1-2-768x502.jpg 768w, https:\/\/elmundodelapolitica.com\/v1\/wp-content\/uploads\/2023\/11\/1-2.jpg 1406w\" sizes=\"auto, (max-width: 1024px) 100vw, 1024px\" \/><\/figure>\n","protected":false},"excerpt":{"rendered":"<p>El Ministerio de la Vivienda y Edificaciones (MIVED) avanza a ritmo acelerado los trabajos de reconstrucci\u00f3n de viviendas en varias provincias que resultaron afectadas por el disturbio tropical que se&hellip; <\/p>\n","protected":false},"author":2,"featured_media":5771,"comment_status":"open","ping_status":"open","sticky":false,"template":"","format":"standard","meta":{"fifu_image_url":"","fifu_image_alt":"","footnotes":""},"categories":[25],"tags":[],"class_list":["post-5770","post","type-post","status-publish","format-standard","has-post-thumbnail","hentry","category-construccion"],"_links":{"self":[{"href":"https:\/\/elmundodelapolitica.com\/v1\/wp-json\/wp\/v2\/posts\/5770","targetHints":{"allow":["GET"]}}],"collection":[{"href":"https:\/\/elmundodelapolitica.com\/v1\/wp-json\/wp\/v2\/posts"}],"about":[{"href":"https:\/\/elmundodelapolitica.com\/v1\/wp-json\/wp\/v2\/types\/post"}],"author":[{"embeddable":true,"href":"https:\/\/elmundodelapolitica.com\/v1\/wp-json\/wp\/v2\/users\/2"}],"replies":[{"embeddable":true,"href":"https:\/\/elmundodelapolitica.com\/v1\/wp-json\/wp\/v2\/comments?post=5770"}],"version-history":[{"count":1,"href":"https:\/\/elmundodelapolitica.com\/v1\/wp-json\/wp\/v2\/posts\/5770\/revisions"}],"predecessor-version":[{"id":5773,"href":"https:\/\/elmundodelapolitica.com\/v1\/wp-json\/wp\/v2\/posts\/5770\/revisions\/5773"}],"wp:featuredmedia":[{"embeddable":true,"href":"https:\/\/elmundodelapolitica.com\/v1\/wp-json\/wp\/v2\/media\/5771"}],"wp:attachment":[{"href":"https:\/\/elmundodelapolitica.com\/v1\/wp-json\/wp\/v2\/media?parent=5770"}],"wp:term":[{"taxonomy":"category","embeddable":true,"href":"https:\/\/elmundodelapolitica.com\/v1\/wp-json\/wp\/v2\/categories?post=5770"},{"taxonomy":"post_tag","embeddable":true,"href":"https:\/\/elmundodelapolitica.com\/v1\/wp-json\/wp\/v2\/tags?post=5770"}],"curies":[{"name":"wp","href":"https:\/\/api.w.org\/{rel}","templated":true}]}}