{"id":5760,"date":"2023-11-20T18:20:17","date_gmt":"2023-11-20T22:20:17","guid":{"rendered":"https:\/\/elmundodelapolitica.com\/v1\/?p=5760"},"modified":"2023-11-20T18:20:18","modified_gmt":"2023-11-20T22:20:18","slug":"restablece-edeeste-electricidad-87-de-106-circuitos-afectados-lluvias","status":"publish","type":"post","link":"https:\/\/elmundodelapolitica.com\/v1\/restablece-edeeste-electricidad-87-de-106-circuitos-afectados-lluvias\/","title":{"rendered":"Restablece EDEESTE electricidad\u00a087 de 106 circuitos afectados lluvias"},"content":{"rendered":"\n<p>La Empresa Distribuidora de Electricidad del Este (EDEESTE) restableci\u00f3 el servicio a 87 de los 106 circuitos que fueron afectados ayer por los impactos del mal tiempo que caus\u00f3 aver\u00edas importantes en 5 de las 8 \u00e1reas a las que suministra energ\u00eda el\u00e9ctrica en su zona de concesi\u00f3n.<\/p>\n\n\n\n<p>De los 258,186 clientes que quedaron sin servicio ayer, hoy a las 4:00 de la tarde solo permanec\u00edan sin electricidad 53,939. Los circuitos bajo control de EDEESTE suman 322 y a la hora de emitir el reporte, 4:00 de la tarde, solo 19 a\u00fan no hab\u00edan sido reconectados por diferentes situaciones.<\/p>\n\n\n\n<p>La demanda total de los clientes de la distribuidora regularmente es de 804.9 MW y hoy a las 4:00 de la tarde hab\u00eda alcanzado los 748.8MW, el 93%, explic\u00f3 el ingeniero Manuel Mej\u00eda Naut en una rueda de prensa en la que inform\u00f3 sobre el impacto de las lluvias torrenciales que afectaron las provincias del Este, Santo Domingo y el Distrito Nacional.<\/p>\n\n\n\n<p>El reporte indica que en la parte Este y Norte del Gran Santo Domingo bajo su responsabilidad, solo quedaban 10,267 clientes sin servicio y algunas de esas \u00e1reas serian reconectadas en el curso de la tarde. Esa cantidad representa el 12% de los clientes de la empresa.<\/p>\n\n\n\n<p>En la provincia de Santo Domingo falta por restablecer la energ\u00eda a 35,285 clientes, el 8% del total en esa provincia; en San Pedro de Macor\u00eds, 2,036 clientes, el 3%; en La Romana 956 clientes, el 3%; en La Altagracia 956 clientes, el 2% y Monte Plata 822, el 2%. En total suman un 3.3% del total de clientes de EDEESTE.<\/p>\n\n\n\n<p>Este resultado que reduce de 32% a solamente el 3% de clientes sin servicio de energ\u00eda, explic\u00f3 Mej\u00eda Naut, ha sido posible por la acci\u00f3n de 246 brigadas de servicios que salieron a la calle hoy domingo desde que el sol comenz\u00f3 a iluminar la ciudad.<\/p>\n\n\n\n<p>Relato que hoy siguen trabajando las brigadas en el Distrito Nacional, en el \u00e1rea Norte de la Provincia Santo Domingo, La Victoria, Villa Mella y San Pedro de Macor\u00eds.<\/p>\n\n\n\n<p>Mej\u00eda Naut dijo que las 246 brigadas est\u00e1n trabajando en todas las \u00e1reas en las que la lluvia y las aguas aposadas lo permiten, asegur\u00f3 que con la normalizaci\u00f3n del estado del tiempo se concluir\u00e1 el restablecimiento del servicio en los 19 circuitos que aun requer\u00edan atenci\u00f3n a las 4:00 de la tarde del domingo hora en que se tom\u00f3 el reporte para informar al pa\u00eds.<\/p>\n\n\n\n<figure class=\"wp-block-gallery has-nested-images columns-default is-cropped wp-block-gallery-1 is-layout-flex wp-block-gallery-is-layout-flex\">\n<figure class=\"wp-block-image size-large\"><img loading=\"lazy\" decoding=\"async\" width=\"517\" height=\"919\" data-id=\"5761\" src=\"https:\/\/elmundodelapolitica.com\/v1\/wp-content\/uploads\/2023\/11\/1-1.jpg\" alt=\"\" class=\"wp-image-5761\" srcset=\"https:\/\/elmundodelapolitica.com\/v1\/wp-content\/uploads\/2023\/11\/1-1.jpg 517w, https:\/\/elmundodelapolitica.com\/v1\/wp-content\/uploads\/2023\/11\/1-1-169x300.jpg 169w\" sizes=\"auto, (max-width: 517px) 100vw, 517px\" \/><\/figure>\n\n\n\n<figure class=\"wp-block-image size-large\"><img loading=\"lazy\" decoding=\"async\" width=\"689\" height=\"919\" data-id=\"5762\" src=\"https:\/\/elmundodelapolitica.com\/v1\/wp-content\/uploads\/2023\/11\/0-10.jpg\" alt=\"\" class=\"wp-image-5762\" srcset=\"https:\/\/elmundodelapolitica.com\/v1\/wp-content\/uploads\/2023\/11\/0-10.jpg 689w, https:\/\/elmundodelapolitica.com\/v1\/wp-content\/uploads\/2023\/11\/0-10-225x300.jpg 225w\" sizes=\"auto, (max-width: 689px) 100vw, 689px\" \/><\/figure>\n<\/figure>\n","protected":false},"excerpt":{"rendered":"<p>La Empresa Distribuidora de Electricidad del Este (EDEESTE) restableci\u00f3 el servicio a 87 de los 106 circuitos que fueron afectados ayer por los impactos del mal tiempo que caus\u00f3 aver\u00edas&hellip; <\/p>\n","protected":false},"author":2,"featured_media":5762,"comment_status":"open","ping_status":"open","sticky":false,"template":"","format":"standard","meta":{"fifu_image_url":"","fifu_image_alt":"","footnotes":""},"categories":[29],"tags":[],"class_list":["post-5760","post","type-post","status-publish","format-standard","has-post-thumbnail","hentry","category-energia"],"_links":{"self":[{"href":"https:\/\/elmundodelapolitica.com\/v1\/wp-json\/wp\/v2\/posts\/5760","targetHints":{"allow":["GET"]}}],"collection":[{"href":"https:\/\/elmundodelapolitica.com\/v1\/wp-json\/wp\/v2\/posts"}],"about":[{"href":"https:\/\/elmundodelapolitica.com\/v1\/wp-json\/wp\/v2\/types\/post"}],"author":[{"embeddable":true,"href":"https:\/\/elmundodelapolitica.com\/v1\/wp-json\/wp\/v2\/users\/2"}],"replies":[{"embeddable":true,"href":"https:\/\/elmundodelapolitica.com\/v1\/wp-json\/wp\/v2\/comments?post=5760"}],"version-history":[{"count":1,"href":"https:\/\/elmundodelapolitica.com\/v1\/wp-json\/wp\/v2\/posts\/5760\/revisions"}],"predecessor-version":[{"id":5763,"href":"https:\/\/elmundodelapolitica.com\/v1\/wp-json\/wp\/v2\/posts\/5760\/revisions\/5763"}],"wp:featuredmedia":[{"embeddable":true,"href":"https:\/\/elmundodelapolitica.com\/v1\/wp-json\/wp\/v2\/media\/5762"}],"wp:attachment":[{"href":"https:\/\/elmundodelapolitica.com\/v1\/wp-json\/wp\/v2\/media?parent=5760"}],"wp:term":[{"taxonomy":"category","embeddable":true,"href":"https:\/\/elmundodelapolitica.com\/v1\/wp-json\/wp\/v2\/categories?post=5760"},{"taxonomy":"post_tag","embeddable":true,"href":"https:\/\/elmundodelapolitica.com\/v1\/wp-json\/wp\/v2\/tags?post=5760"}],"curies":[{"name":"wp","href":"https:\/\/api.w.org\/{rel}","templated":true}]}}