{"id":5757,"date":"2023-11-20T18:19:15","date_gmt":"2023-11-20T22:19:15","guid":{"rendered":"https:\/\/elmundodelapolitica.com\/v1\/?p=5757"},"modified":"2023-11-20T18:19:17","modified_gmt":"2023-11-20T22:19:17","slug":"establecen-lineamientos-aplicacion-teletrabajo-instituciones-publicas-gran-santo-domingo","status":"publish","type":"post","link":"https:\/\/elmundodelapolitica.com\/v1\/establecen-lineamientos-aplicacion-teletrabajo-instituciones-publicas-gran-santo-domingo\/","title":{"rendered":"Establecen lineamientos aplicaci\u00f3n Teletrabajo instituciones p\u00fablicas Gran Santo Domingo"},"content":{"rendered":"\n<p><b style=\"color: rgb(34, 34, 34); font-family: Cambria, serif; font-size: 12pt; text-align: justify; white-space-collapse: collapse;\"><span style=\"font-size: 11pt;\">SANTO DOMINGO, R.D.\u00a0<\/span><\/b><span style=\"color: rgb(34, 34, 34); font-family: Cambria, serif; font-size: 12pt; text-align: justify; white-space-collapse: collapse;\">20 de noviembre, 2023.<\/span><b style=\"color: rgb(34, 34, 34); font-family: Cambria, serif; font-size: 12pt; text-align: justify; white-space-collapse: collapse;\"><span style=\"font-size: 11pt;\">&#8211;<\/span><\/b><span style=\"color: rgb(34, 34, 34); font-family: Cambria, serif; text-align: justify; white-space-collapse: collapse; font-size: 11pt;\">\u00a0El Ministerio de Administraci\u00f3n P\u00fablica (MAP) emiti\u00f3 la circular n\u00fam. 019077, a los fines de\u00a0<b>implementar el teletrabajo para los servidores p\u00fablicos que residan en el Gran Santo Domingo, y que se encuentren a una distancia considerable de su lugar de trabajo<\/b>, \u201csiempre y cuando dicha modalidad no comprometa su funcionalidad cotidiana, ni afecte la calidad de los servicios prestados\u201d.<\/span><p class=\"MsoNormal\" style=\"margin: 0px; color: rgb(34, 34, 34); white-space-collapse: collapse; text-align: justify; font-size: 12pt; font-family: Cambria, serif;\"><span style=\"font-size: 11pt;\">\u00a0El documento, firmado por el\u00a0<b>titular del MAP, Dar\u00edo Castillo Lugo<\/b>, indica que la medida tiene la finalidad de contribuir a la fluidez del tr\u00e1nsito, debido al cierre del paso a desnivel de la avenida 27 de Febrero con avenida M\u00e1ximo G\u00f3mez, de la Capital, y minimizar posibles inconvenientes log\u00edsticos, tras los da\u00f1os ocasionados por las intensas lluvias del pasado s\u00e1bado, en el territorio nacional.\u00a0En ese sentido, el MAP, en sus atribuciones de \u00f3rgano rector del empleo p\u00fablico y del fortalecimiento institucional, y en concordancia con las disposiciones de la Resoluci\u00f3n n\u00fam. 130-2020, que determina los lineamientos sobre teletrabajo para los entes y \u00f3rganos de la Administraci\u00f3n P\u00fablica,\u00a0<b>instruye a las oficinas de Recursos Humanos a implementar la modalidad de teletrabajo<\/b>\u00a0\u201cgarantizando as\u00ed la continuidad, eficacia y eficiencia de los servicios p\u00fablicos y las labores asignadas\u201d.\u00a0En la misiva, Castillo Lugo puntualiza que cada supervisor deber\u00e1 realizar un seguimiento efectivo de las actividades realizadas por cada servidor en teletrabajo.\u00a0De acuerdo al texto,\u00a0<b>las medidas indicadas ser\u00e1n aplicadas desde este lunes, hasta el viernes 24 de noviembre<\/b>, y pasado este plazo, se evaluar\u00e1n las posibilidades de extender la vigencia, de ser necesario.\u00a0<\/span><\/p><\/p>\n\n\n\n<figure class=\"wp-block-image size-large\"><img loading=\"lazy\" decoding=\"async\" width=\"1024\" height=\"576\" src=\"https:\/\/elmundodelapolitica.com\/v1\/wp-content\/uploads\/2023\/11\/127973_1618005165_large_0-1024x576.jpg\" alt=\"\" class=\"wp-image-5758\" srcset=\"https:\/\/elmundodelapolitica.com\/v1\/wp-content\/uploads\/2023\/11\/127973_1618005165_large_0-1024x576.jpg 1024w, https:\/\/elmundodelapolitica.com\/v1\/wp-content\/uploads\/2023\/11\/127973_1618005165_large_0-300x169.jpg 300w, https:\/\/elmundodelapolitica.com\/v1\/wp-content\/uploads\/2023\/11\/127973_1618005165_large_0-768x432.jpg 768w, https:\/\/elmundodelapolitica.com\/v1\/wp-content\/uploads\/2023\/11\/127973_1618005165_large_0.jpg 1300w\" sizes=\"auto, (max-width: 1024px) 100vw, 1024px\" \/><\/figure>\n","protected":false},"excerpt":{"rendered":"<p>SANTO DOMINGO, R.D.\u00a020 de noviembre, 2023.&#8211;\u00a0El Ministerio de Administraci\u00f3n P\u00fablica (MAP) emiti\u00f3 la circular n\u00fam. 019077, a los fines de\u00a0implementar el teletrabajo para los servidores p\u00fablicos que residan en el&hellip; <\/p>\n","protected":false},"author":2,"featured_media":5758,"comment_status":"open","ping_status":"open","sticky":false,"template":"","format":"standard","meta":{"fifu_image_url":"","fifu_image_alt":"","footnotes":""},"categories":[22],"tags":[],"class_list":["post-5757","post","type-post","status-publish","format-standard","has-post-thumbnail","hentry","category-gerencia"],"_links":{"self":[{"href":"https:\/\/elmundodelapolitica.com\/v1\/wp-json\/wp\/v2\/posts\/5757","targetHints":{"allow":["GET"]}}],"collection":[{"href":"https:\/\/elmundodelapolitica.com\/v1\/wp-json\/wp\/v2\/posts"}],"about":[{"href":"https:\/\/elmundodelapolitica.com\/v1\/wp-json\/wp\/v2\/types\/post"}],"author":[{"embeddable":true,"href":"https:\/\/elmundodelapolitica.com\/v1\/wp-json\/wp\/v2\/users\/2"}],"replies":[{"embeddable":true,"href":"https:\/\/elmundodelapolitica.com\/v1\/wp-json\/wp\/v2\/comments?post=5757"}],"version-history":[{"count":1,"href":"https:\/\/elmundodelapolitica.com\/v1\/wp-json\/wp\/v2\/posts\/5757\/revisions"}],"predecessor-version":[{"id":5759,"href":"https:\/\/elmundodelapolitica.com\/v1\/wp-json\/wp\/v2\/posts\/5757\/revisions\/5759"}],"wp:featuredmedia":[{"embeddable":true,"href":"https:\/\/elmundodelapolitica.com\/v1\/wp-json\/wp\/v2\/media\/5758"}],"wp:attachment":[{"href":"https:\/\/elmundodelapolitica.com\/v1\/wp-json\/wp\/v2\/media?parent=5757"}],"wp:term":[{"taxonomy":"category","embeddable":true,"href":"https:\/\/elmundodelapolitica.com\/v1\/wp-json\/wp\/v2\/categories?post=5757"},{"taxonomy":"post_tag","embeddable":true,"href":"https:\/\/elmundodelapolitica.com\/v1\/wp-json\/wp\/v2\/tags?post=5757"}],"curies":[{"name":"wp","href":"https:\/\/api.w.org\/{rel}","templated":true}]}}