{"id":5754,"date":"2023-11-20T18:18:11","date_gmt":"2023-11-20T22:18:11","guid":{"rendered":"https:\/\/elmundodelapolitica.com\/v1\/?p=5754"},"modified":"2023-11-20T18:18:13","modified_gmt":"2023-11-20T22:18:13","slug":"apoya-copardom-propuesta-teletrabajo-por-disturbio-tropical","status":"publish","type":"post","link":"https:\/\/elmundodelapolitica.com\/v1\/apoya-copardom-propuesta-teletrabajo-por-disturbio-tropical\/","title":{"rendered":"Apoya Copardom propuesta teletrabajo por disturbio tropical"},"content":{"rendered":"\n<p><strong>Santo Domingo, Rep. Dom.<\/strong>Lunes 20 de noviembre de 2023.<strong>&#8211;<\/strong>&nbsp;La presidenta de la Confederaci\u00f3n Patronal de la Rep\u00fablica Dominicana (Copardom), Laura Pe\u00f1a Izquierdo, mostr\u00f3 su respaldo a las decisiones del Ministerio de Trabajo que buscan apoyar el retorno a la normalidad de las actividades productivas a trav\u00e9s de la implementaci\u00f3n del teletrabajo de manera voluntaria y concertada.<\/p>\n\n\n\n<p>Consider\u00f3 que esta medida contribuye con la continuidad laboral, la seguridad de los trabajadores, el bienestar de la poblaci\u00f3n de las zonas afectadas por el fen\u00f3meno natural y para la agilizaci\u00f3n del tr\u00e1nsito en las principales v\u00edas que est\u00e1n cerradas en el Distrito Nacional y el Gran Santo Domingo, como la avenida 27 de febrero, porque est\u00e1n sometidas a reparaci\u00f3n.<\/p>\n\n\n\n<p>\u201cValoramos el esfuerzo y la disposici\u00f3n de aquellas empresas, que su tipo de actividad productiva lo permita, de considerar esta modalidad laboral del teletrabajo para superar los retos y dificultades presentados por el impacto de las lluvias ocurridas este fin de semana\u201d, dijo la dirigente empresarial.<\/p>\n\n\n\n<p>La presidenta de la Copardom invit\u00f3 a todas las empresas y a los trabajadores a considerar activamente esta opci\u00f3n, que asegura la continuidad de las operaciones laborales y el bienestar de todos los actores del \u00e1mbito del trabajo.<\/p>\n\n\n\n<p>Reiter\u00f3 el compromiso de la Copardom, de sus programas de orientaci\u00f3n y apoyo, para acompa\u00f1ar y asesorar las empresas y a los trabajadores interesados en implementar el teletrabajo.<\/p>\n\n\n\n<p>Por \u00faltimo, precis\u00f3 que \u201cestamos comprometidos en fomentar un entorno favorable que promueva el crecimiento econ\u00f3mico y la adaptaci\u00f3n a situaciones adversas o excepcionales garantizando entornos laborales seguros y saludables para todos\u201d.<\/p>\n\n\n\n<figure class=\"wp-block-image size-large\"><img loading=\"lazy\" decoding=\"async\" width=\"1024\" height=\"761\" src=\"https:\/\/elmundodelapolitica.com\/v1\/wp-content\/uploads\/2023\/11\/0-9-1024x761.jpg\" alt=\"\" class=\"wp-image-5755\" srcset=\"https:\/\/elmundodelapolitica.com\/v1\/wp-content\/uploads\/2023\/11\/0-9-1024x761.jpg 1024w, https:\/\/elmundodelapolitica.com\/v1\/wp-content\/uploads\/2023\/11\/0-9-300x223.jpg 300w, https:\/\/elmundodelapolitica.com\/v1\/wp-content\/uploads\/2023\/11\/0-9-768x571.jpg 768w, https:\/\/elmundodelapolitica.com\/v1\/wp-content\/uploads\/2023\/11\/0-9.jpg 1236w\" sizes=\"auto, (max-width: 1024px) 100vw, 1024px\" \/><\/figure>\n","protected":false},"excerpt":{"rendered":"<p>Santo Domingo, Rep. Dom.Lunes 20 de noviembre de 2023.&#8211;&nbsp;La presidenta de la Confederaci\u00f3n Patronal de la Rep\u00fablica Dominicana (Copardom), Laura Pe\u00f1a Izquierdo, mostr\u00f3 su respaldo a las decisiones del Ministerio&hellip; <\/p>\n","protected":false},"author":2,"featured_media":5755,"comment_status":"open","ping_status":"open","sticky":false,"template":"","format":"standard","meta":{"fifu_image_url":"","fifu_image_alt":"","footnotes":""},"categories":[40],"tags":[],"class_list":["post-5754","post","type-post","status-publish","format-standard","has-post-thumbnail","hentry","category-empresarial"],"_links":{"self":[{"href":"https:\/\/elmundodelapolitica.com\/v1\/wp-json\/wp\/v2\/posts\/5754","targetHints":{"allow":["GET"]}}],"collection":[{"href":"https:\/\/elmundodelapolitica.com\/v1\/wp-json\/wp\/v2\/posts"}],"about":[{"href":"https:\/\/elmundodelapolitica.com\/v1\/wp-json\/wp\/v2\/types\/post"}],"author":[{"embeddable":true,"href":"https:\/\/elmundodelapolitica.com\/v1\/wp-json\/wp\/v2\/users\/2"}],"replies":[{"embeddable":true,"href":"https:\/\/elmundodelapolitica.com\/v1\/wp-json\/wp\/v2\/comments?post=5754"}],"version-history":[{"count":1,"href":"https:\/\/elmundodelapolitica.com\/v1\/wp-json\/wp\/v2\/posts\/5754\/revisions"}],"predecessor-version":[{"id":5756,"href":"https:\/\/elmundodelapolitica.com\/v1\/wp-json\/wp\/v2\/posts\/5754\/revisions\/5756"}],"wp:featuredmedia":[{"embeddable":true,"href":"https:\/\/elmundodelapolitica.com\/v1\/wp-json\/wp\/v2\/media\/5755"}],"wp:attachment":[{"href":"https:\/\/elmundodelapolitica.com\/v1\/wp-json\/wp\/v2\/media?parent=5754"}],"wp:term":[{"taxonomy":"category","embeddable":true,"href":"https:\/\/elmundodelapolitica.com\/v1\/wp-json\/wp\/v2\/categories?post=5754"},{"taxonomy":"post_tag","embeddable":true,"href":"https:\/\/elmundodelapolitica.com\/v1\/wp-json\/wp\/v2\/tags?post=5754"}],"curies":[{"name":"wp","href":"https:\/\/api.w.org\/{rel}","templated":true}]}}