{"id":5751,"date":"2023-11-20T18:17:32","date_gmt":"2023-11-20T22:17:32","guid":{"rendered":"https:\/\/elmundodelapolitica.com\/v1\/?p=5751"},"modified":"2023-11-20T18:17:34","modified_gmt":"2023-11-20T22:17:34","slug":"restablece-edesur-mas-90-servicio-electrico-tras-disturbio-tropical","status":"publish","type":"post","link":"https:\/\/elmundodelapolitica.com\/v1\/restablece-edesur-mas-90-servicio-electrico-tras-disturbio-tropical\/","title":{"rendered":"Restablece EDESUR m\u00e1s 90% servicio el\u00e9ctrico tras disturbio tropical"},"content":{"rendered":"\n<p>Santo Domingo, R. D. Noviembre 19, 2023.- Edesur Dominicana trabaja de manera acelerada y ha restablecido el servicio en m\u00e1s de un 90% a los clientes bajo territorio su responsabilidad que fueron afectados por las lluvias asociadas a un disturbio tropical.<\/p>\n\n\n\n<p>El administrador general de Edesur, Milton Morrison, supervis\u00f3 varios lugares, entre ellos, la subestaci\u00f3n Los Prados, donde los t\u00e9cnicos hacen lo humanamente posible para restablecer cuanto antes&nbsp; el servicio a los residentes en de los sectores Quisqueya, Los Prados, Las Praderas El Mill\u00f3n y Jardines del Norte.<\/p>\n\n\n\n<p>\"Nuestros brigadistas y t\u00e9cnicos no han escatimado esfuerzo para que los clientes de Edesur que han sido afectados por esta eventualidad, vuelvan a tener en el menor tiempo posible el servicio de electricidad y no descansaremos hasta que se complete el 100 por ciento en el territorio de nuestra responsabilidad\", indic\u00f3 Milton Morrison.<\/p>\n\n\n\n<p>Asimismo, Edesur ha restablecido el servicio de electricidad al 100% en Bella Vista, Arroyo Hondo, Ensanche Para\u00edso, Los Prados, Avenida Independencia, Herrera y Los Alcarrizos, Hato Nuevo, Cristo Rey, y la Zona Universitaria.<\/p>\n\n\n\n<p>Adem\u00e1s, la misma noche del s\u00e1bado fue restablecido el servicio en la provincia de Azua al 100%, con algunos casos aislados pendientes de algunos clientes.<\/p>\n\n\n\n<p>Brigadas de Edesur siguen trabajando sin parar y haciendo lo humanamente posible para restablecer el servicio cuanto antes en los sectores impactados por las lluvias, que de forma aislada permanecen sin electricidad.<\/p>\n\n\n\n<p>Milton Morrison reiter\u00f3 su llamado a la poblaci\u00f3n a guardar distancias de cables y postes ca\u00eddos del tendido el\u00e9ctrico, y record\u00f3 que las aver\u00edas o emergencias pueden reportarse a la l\u00ednea 809-683-9393, disponible las 24 horas al d\u00eda.<\/p>\n\n\n\n<figure class=\"wp-block-image size-large\"><img loading=\"lazy\" decoding=\"async\" width=\"1024\" height=\"768\" src=\"https:\/\/elmundodelapolitica.com\/v1\/wp-content\/uploads\/2023\/11\/0-8-1024x768.jpg\" alt=\"\" class=\"wp-image-5752\" srcset=\"https:\/\/elmundodelapolitica.com\/v1\/wp-content\/uploads\/2023\/11\/0-8-1024x768.jpg 1024w, https:\/\/elmundodelapolitica.com\/v1\/wp-content\/uploads\/2023\/11\/0-8-300x225.jpg 300w, https:\/\/elmundodelapolitica.com\/v1\/wp-content\/uploads\/2023\/11\/0-8-768x576.jpg 768w, https:\/\/elmundodelapolitica.com\/v1\/wp-content\/uploads\/2023\/11\/0-8.jpg 1225w\" sizes=\"auto, (max-width: 1024px) 100vw, 1024px\" \/><\/figure>\n","protected":false},"excerpt":{"rendered":"<p>Santo Domingo, R. D. Noviembre 19, 2023.- Edesur Dominicana trabaja de manera acelerada y ha restablecido el servicio en m\u00e1s de un 90% a los clientes bajo territorio su responsabilidad&hellip; <\/p>\n","protected":false},"author":2,"featured_media":5752,"comment_status":"open","ping_status":"open","sticky":false,"template":"","format":"standard","meta":{"fifu_image_url":"","fifu_image_alt":"","footnotes":""},"categories":[29],"tags":[],"class_list":["post-5751","post","type-post","status-publish","format-standard","has-post-thumbnail","hentry","category-energia"],"_links":{"self":[{"href":"https:\/\/elmundodelapolitica.com\/v1\/wp-json\/wp\/v2\/posts\/5751","targetHints":{"allow":["GET"]}}],"collection":[{"href":"https:\/\/elmundodelapolitica.com\/v1\/wp-json\/wp\/v2\/posts"}],"about":[{"href":"https:\/\/elmundodelapolitica.com\/v1\/wp-json\/wp\/v2\/types\/post"}],"author":[{"embeddable":true,"href":"https:\/\/elmundodelapolitica.com\/v1\/wp-json\/wp\/v2\/users\/2"}],"replies":[{"embeddable":true,"href":"https:\/\/elmundodelapolitica.com\/v1\/wp-json\/wp\/v2\/comments?post=5751"}],"version-history":[{"count":1,"href":"https:\/\/elmundodelapolitica.com\/v1\/wp-json\/wp\/v2\/posts\/5751\/revisions"}],"predecessor-version":[{"id":5753,"href":"https:\/\/elmundodelapolitica.com\/v1\/wp-json\/wp\/v2\/posts\/5751\/revisions\/5753"}],"wp:featuredmedia":[{"embeddable":true,"href":"https:\/\/elmundodelapolitica.com\/v1\/wp-json\/wp\/v2\/media\/5752"}],"wp:attachment":[{"href":"https:\/\/elmundodelapolitica.com\/v1\/wp-json\/wp\/v2\/media?parent=5751"}],"wp:term":[{"taxonomy":"category","embeddable":true,"href":"https:\/\/elmundodelapolitica.com\/v1\/wp-json\/wp\/v2\/categories?post=5751"},{"taxonomy":"post_tag","embeddable":true,"href":"https:\/\/elmundodelapolitica.com\/v1\/wp-json\/wp\/v2\/tags?post=5751"}],"curies":[{"name":"wp","href":"https:\/\/api.w.org\/{rel}","templated":true}]}}