{"id":5748,"date":"2023-11-20T18:14:14","date_gmt":"2023-11-20T22:14:14","guid":{"rendered":"https:\/\/elmundodelapolitica.com\/v1\/?p=5748"},"modified":"2023-11-20T18:14:16","modified_gmt":"2023-11-20T22:14:16","slug":"respalda-aci-lac-decision-estado-dominicano-renegociar-contrato-aerodom","status":"publish","type":"post","link":"https:\/\/elmundodelapolitica.com\/v1\/respalda-aci-lac-decision-estado-dominicano-renegociar-contrato-aerodom\/","title":{"rendered":"Respalda ACI-LAC\u00a0decisi\u00f3n\u00a0Estado\u00a0dominicano\u00a0renegociar\u00a0contrato Aerodom"},"content":{"rendered":"\n<p><span style=\"color: rgb(34, 34, 34); font-family: Arial, Helvetica, sans-serif; font-size: small; text-align: justify; white-space-collapse: collapse;\">El Consejo Internacional de Aeropuertos para Am\u00e9rica Latina y el Caribe (ACI-LAC) aplaudi\u00f3 la determinaci\u00f3n del Estado dominicano de renegociar el contrato de concesi\u00f3n con Aeropuertos Dominicanos Siglo XXI (Aerodom), una subsidiaria de VINCI Airports.<\/span><p style=\"color: rgb(34, 34, 34); font-family: Arial, Helvetica, sans-serif; font-size: small; white-space-collapse: collapse; margin-right: 45.95pt; margin-left: 5.1pt; margin-bottom: 0.0001pt; text-align: justify; line-height: 13.78px;\"><span lang=\"ES\">Al<span style=\"letter-spacing: -0.4pt;\">\u00a0<\/span>respecto,<span style=\"letter-spacing: -0.3pt;\">\u00a0<\/span>el<span style=\"letter-spacing: -0.3pt;\">\u00a0<\/span>organismo<span style=\"letter-spacing: -0.25pt;\">\u00a0<\/span>elogi\u00f3<span style=\"letter-spacing: -0.3pt;\">\u00a0<\/span>la<span style=\"letter-spacing: -0.5pt;\">\u00a0<\/span>medida,<span style=\"letter-spacing: -0.35pt;\">\u00a0<\/span>y<span style=\"letter-spacing: -0.3pt;\">\u00a0<\/span>la<span style=\"letter-spacing: -0.35pt;\">\u00a0<\/span>calific\u00f3<span style=\"letter-spacing: -0.4pt;\">\u00a0<\/span>como<span style=\"letter-spacing: -0.25pt;\">\u00a0<\/span>un<span style=\"letter-spacing: -0.35pt;\">\u00a0<\/span>indicador<span style=\"letter-spacing: -0.35pt;\">\u00a0<\/span>del<span style=\"letter-spacing: -0.3pt;\">\u00a0<\/span>firme<span style=\"letter-spacing: -0.3pt;\">\u00a0<\/span>compromiso<span style=\"letter-spacing: -0.25pt;\">\u00a0<\/span>de las autoridades gubernamentales de garantizar que los acuerdos suscritos generen el m\u00e1ximo beneficio para el pa\u00eds y todos sus ciudadanos.El Dr. Rafael Echevarne, director general de ACI-LAC, consider\u00f3 la renegociaci\u00f3n del contrato con Aerodom como un paso crucial hacia la transparencia, equidad y eficiencia en la gesti\u00f3n de los aeropuertos del pa\u00eds.El ejecutivo enfatiz\u00f3 que esta acci\u00f3n contribuir\u00e1 a asegurar que la operaci\u00f3n de los aeropuertos nacionales<span style=\"letter-spacing: -0.35pt;\">\u00a0<\/span>se<span style=\"letter-spacing: -0.3pt;\">\u00a0<\/span>adhiera<span style=\"letter-spacing: -0.35pt;\">\u00a0<\/span>a<span style=\"letter-spacing: -0.35pt;\">\u00a0<\/span>los<span style=\"letter-spacing: -0.45pt;\">\u00a0<\/span>m\u00e1s<span style=\"letter-spacing: -0.35pt;\">\u00a0<\/span>altos<span style=\"letter-spacing: -0.35pt;\">\u00a0<\/span>est\u00e1ndares<span style=\"letter-spacing: -0.35pt;\">\u00a0<\/span>de<span style=\"letter-spacing: -0.3pt;\">\u00a0<\/span>servicio,<span style=\"letter-spacing: -0.3pt;\">\u00a0<\/span>seguridad<span style=\"letter-spacing: -0.35pt;\">\u00a0<\/span>y<span style=\"letter-spacing: -0.3pt;\">\u00a0<\/span>desarrollo<span style=\"letter-spacing: -0.25pt;\">\u00a0<\/span>econ\u00f3mico<span style=\"letter-spacing: -0.25pt;\">\u00a0<\/span>para Rep\u00fablica Dominicana.\u201cRespaldamos la iniciativa,<span style=\"letter-spacing: -0.25pt;\">\u00a0<\/span>ya que la<span style=\"letter-spacing: -0.15pt;\">\u00a0<\/span>misma<span style=\"letter-spacing: -0.15pt;\">\u00a0<\/span>desempe\u00f1ar\u00e1 un<span style=\"letter-spacing: -0.05pt;\">\u00a0<\/span>papel positivo<span style=\"letter-spacing: -0.05pt;\">\u00a0<\/span>en el<span style=\"letter-spacing: -0.1pt;\">\u00a0<\/span>fortalecimiento de<span style=\"letter-spacing: -0.1pt;\">\u00a0<\/span>la<span style=\"letter-spacing: -0.1pt;\">\u00a0<\/span>infraestructura<span style=\"letter-spacing: -0.1pt;\">\u00a0<\/span>aeroportuaria,<span style=\"letter-spacing: -0.2pt;\">\u00a0<\/span>contribuyendo<span style=\"letter-spacing: -0.2pt;\">\u00a0<\/span>as\u00ed<span style=\"letter-spacing: -0.25pt;\">\u00a0<\/span>al<span style=\"letter-spacing: -0.1pt;\">\u00a0<\/span>crecimiento<span style=\"letter-spacing: -0.2pt;\">\u00a0<\/span>sostenible<span style=\"letter-spacing: -0.25pt;\">\u00a0<\/span>del<span style=\"letter-spacing: -0.1pt;\">\u00a0<\/span>pa\u00eds\u201d,<span style=\"letter-spacing: -0.25pt;\">\u00a0<\/span>precis\u00f3 el Dr. Echevarne.<\/span><\/p><\/p>\n\n\n\n<figure class=\"wp-block-image size-full\"><img loading=\"lazy\" decoding=\"async\" width=\"900\" height=\"579\" src=\"https:\/\/elmundodelapolitica.com\/v1\/wp-content\/uploads\/2023\/11\/aerodom-sistema-de-manejo-de-basura.jpg\" alt=\"\" class=\"wp-image-5749\" srcset=\"https:\/\/elmundodelapolitica.com\/v1\/wp-content\/uploads\/2023\/11\/aerodom-sistema-de-manejo-de-basura.jpg 900w, https:\/\/elmundodelapolitica.com\/v1\/wp-content\/uploads\/2023\/11\/aerodom-sistema-de-manejo-de-basura-300x193.jpg 300w, https:\/\/elmundodelapolitica.com\/v1\/wp-content\/uploads\/2023\/11\/aerodom-sistema-de-manejo-de-basura-768x494.jpg 768w\" sizes=\"auto, (max-width: 900px) 100vw, 900px\" \/><\/figure>\n","protected":false},"excerpt":{"rendered":"<p>El Consejo Internacional de Aeropuertos para Am\u00e9rica Latina y el Caribe (ACI-LAC) aplaudi\u00f3 la determinaci\u00f3n del Estado dominicano de renegociar el contrato de concesi\u00f3n con Aeropuertos Dominicanos Siglo XXI (Aerodom),&hellip; <\/p>\n","protected":false},"author":2,"featured_media":5749,"comment_status":"open","ping_status":"open","sticky":false,"template":"","format":"standard","meta":{"fifu_image_url":"","fifu_image_alt":"","footnotes":""},"categories":[37],"tags":[],"class_list":["post-5748","post","type-post","status-publish","format-standard","has-post-thumbnail","hentry","category-transporte"],"_links":{"self":[{"href":"https:\/\/elmundodelapolitica.com\/v1\/wp-json\/wp\/v2\/posts\/5748","targetHints":{"allow":["GET"]}}],"collection":[{"href":"https:\/\/elmundodelapolitica.com\/v1\/wp-json\/wp\/v2\/posts"}],"about":[{"href":"https:\/\/elmundodelapolitica.com\/v1\/wp-json\/wp\/v2\/types\/post"}],"author":[{"embeddable":true,"href":"https:\/\/elmundodelapolitica.com\/v1\/wp-json\/wp\/v2\/users\/2"}],"replies":[{"embeddable":true,"href":"https:\/\/elmundodelapolitica.com\/v1\/wp-json\/wp\/v2\/comments?post=5748"}],"version-history":[{"count":1,"href":"https:\/\/elmundodelapolitica.com\/v1\/wp-json\/wp\/v2\/posts\/5748\/revisions"}],"predecessor-version":[{"id":5750,"href":"https:\/\/elmundodelapolitica.com\/v1\/wp-json\/wp\/v2\/posts\/5748\/revisions\/5750"}],"wp:featuredmedia":[{"embeddable":true,"href":"https:\/\/elmundodelapolitica.com\/v1\/wp-json\/wp\/v2\/media\/5749"}],"wp:attachment":[{"href":"https:\/\/elmundodelapolitica.com\/v1\/wp-json\/wp\/v2\/media?parent=5748"}],"wp:term":[{"taxonomy":"category","embeddable":true,"href":"https:\/\/elmundodelapolitica.com\/v1\/wp-json\/wp\/v2\/categories?post=5748"},{"taxonomy":"post_tag","embeddable":true,"href":"https:\/\/elmundodelapolitica.com\/v1\/wp-json\/wp\/v2\/tags?post=5748"}],"curies":[{"name":"wp","href":"https:\/\/api.w.org\/{rel}","templated":true}]}}