{"id":5745,"date":"2023-11-20T18:11:20","date_gmt":"2023-11-20T22:11:20","guid":{"rendered":"https:\/\/elmundodelapolitica.com\/v1\/?p=5745"},"modified":"2023-11-20T18:11:22","modified_gmt":"2023-11-20T22:11:22","slug":"consideran-aspirante-presidencia-tc-reuna-condiciones-capacitacion-formacion-e-idoneidad","status":"publish","type":"post","link":"https:\/\/elmundodelapolitica.com\/v1\/consideran-aspirante-presidencia-tc-reuna-condiciones-capacitacion-formacion-e-idoneidad\/","title":{"rendered":"Consideran aspirante presidencia TC reuna condiciones capacitaci\u00f3n, formaci\u00f3n e idoneidad"},"content":{"rendered":"\n<p><strong>Santo Domingo. &#8211;&nbsp;<\/strong>El presidente de la Alianza Dominicana Contra la Corrupci\u00f3n (ADOCCO), Julio C\u00e9sar de la Rosa Tiburcio, afirm\u00f3 que el perfil ideal para formar parte del Tribunal Constitucional, sobre todo, para sustituir al magistrado Milton Ray Guevara, debe ser de una persona que re\u00fana las condiciones de capacitaci\u00f3n, formaci\u00f3n e idoneidad.<\/p>\n\n\n\n<p>De la Rosa Tiburcio dijo que debe ser alguien que tenga la facilidad de poder gerenciar un organismo colegiado como ese, tras considerar, que la militancia pol\u00edtica en un momento determinado y el hecho de formar parte de la judicatura no pueden ser limitantes para quienes aspiran a formar parte del Tribunal Constitucional.<\/p>\n\n\n\n<p>\u00a8Es evidente que no podemos llevar una persona que est\u00e1 militando en un partido actualmente, sacarlo del partido para designarlo en el Tribunal Constitucional\u00a8, expres\u00f3.<\/p>\n\n\n\n<p>El abogado indic\u00f3 que hay varias teor\u00edas de que altas cortes han estado siendo impactadas por la pr<\/p>\n\n\n\n<p>esencia de jueces que provienen de la judicatura, pero, explic\u00f3 que ese tampoco puede ser un impedimento para ser parte del TC, porque el hecho de ser juez coadyuva a lo que debe ser la labor de un \u00f3rgano que en ocasiones tiene que tomar decisiones &#8211;<\/p>\n\n\n\n<p>Dijo que debe ser una composici\u00f3n h\u00edbrida donde entren todos los sectores, jueces provenientes de la judicatura, as\u00ed como tambi\u00e9n, abogados en ejercicio, siempre y cuando re\u00fanan las condiciones de formaci\u00f3n, capacidad y que no tengan ning\u00fan tipo de cuestionamientos en el ejercicio de sus funciones.<\/p>\n\n\n\n<p>Entrevistado en el programa Toque Final con Julio Mart\u00ednez Pozo que se transmite por Antena 7, el presidente de ADOCCO precis\u00f3 que los nuevos miembros deben tener las mismas cualidades de los que ahora deber\u00e1n salir del TC.<\/p>\n\n\n\n<p>Al preguntarle sobre la valoraci\u00f3n del desempe\u00f1o del TC en doce a\u00f1os, el abogado afirm\u00f3 que ha sido un accionar conforme a lo que representa ese \u00f3rgano como m\u00e1ximo garante del respeto a la Constituci\u00f3n de la Rep\u00fablica Dominicana, aunque indic\u00f3, que sus decisiones penosamente no han sido acatadas por gran parte de los entes p\u00fablicos, que, a su entender, es lo m\u00e1s grave.<\/p>\n\n\n\n<p>Sin embargo, precis\u00f3 que han estado apegados a las exigencias y al aspiracional de la sociedad dominicana que esperaba contar con un \u00f3rgano con esas caracter\u00edsticas y que ya ha arribado a su doce aniversario, lo que significa que de ahora en adelante debe seguir sosteni\u00e9ndose m\u00e1s en el tiempo y garantizando el respeto a la Carta Magna.<\/p>\n\n\n\n<p>\u00a8Lo ideal en el caso de los jueces supremos es que como tienen un espacio por recorrer dentro de la Suprema Corte de Justicia, ser\u00eda que aspiren a presidir la Suprema y dejar en manos de los aspirantes al Tribunal Constitucional ese derecho de participar. No puede ser el hecho de que formen parte de la judicatura un impedimento\u00a8, enfatiz\u00f3.<\/p>\n\n\n\n<p>Agreg\u00f3 que lo conveniente para el sistema es que no se vea una corte impactada con el traslado de un juez que tiene un espacio en otra corte, como es el caso de la Suprema Corte de Justicia, ya que hay varios de sus miembros que aspiran al Tribunal Constitucional, tras agregar, que tambi\u00e9n es su derecho a participar del mismo.<strong><\/strong><\/p>\n\n\n\n<figure class=\"wp-block-image size-full\"><img loading=\"lazy\" decoding=\"async\" width=\"736\" height=\"558\" src=\"https:\/\/elmundodelapolitica.com\/v1\/wp-content\/uploads\/2023\/11\/0-2.png\" alt=\"\" class=\"wp-image-5746\" srcset=\"https:\/\/elmundodelapolitica.com\/v1\/wp-content\/uploads\/2023\/11\/0-2.png 736w, https:\/\/elmundodelapolitica.com\/v1\/wp-content\/uploads\/2023\/11\/0-2-300x227.png 300w\" sizes=\"auto, (max-width: 736px) 100vw, 736px\" \/><\/figure>\n","protected":false},"excerpt":{"rendered":"<p>Santo Domingo. &#8211;&nbsp;El presidente de la Alianza Dominicana Contra la Corrupci\u00f3n (ADOCCO), Julio C\u00e9sar de la Rosa Tiburcio, afirm\u00f3 que el perfil ideal para formar parte del Tribunal Constitucional, sobre&hellip; <\/p>\n","protected":false},"author":2,"featured_media":5746,"comment_status":"open","ping_status":"open","sticky":false,"template":"","format":"standard","meta":{"fifu_image_url":"","fifu_image_alt":"","footnotes":""},"categories":[26],"tags":[],"class_list":["post-5745","post","type-post","status-publish","format-standard","has-post-thumbnail","hentry","category-justicia"],"_links":{"self":[{"href":"https:\/\/elmundodelapolitica.com\/v1\/wp-json\/wp\/v2\/posts\/5745","targetHints":{"allow":["GET"]}}],"collection":[{"href":"https:\/\/elmundodelapolitica.com\/v1\/wp-json\/wp\/v2\/posts"}],"about":[{"href":"https:\/\/elmundodelapolitica.com\/v1\/wp-json\/wp\/v2\/types\/post"}],"author":[{"embeddable":true,"href":"https:\/\/elmundodelapolitica.com\/v1\/wp-json\/wp\/v2\/users\/2"}],"replies":[{"embeddable":true,"href":"https:\/\/elmundodelapolitica.com\/v1\/wp-json\/wp\/v2\/comments?post=5745"}],"version-history":[{"count":1,"href":"https:\/\/elmundodelapolitica.com\/v1\/wp-json\/wp\/v2\/posts\/5745\/revisions"}],"predecessor-version":[{"id":5747,"href":"https:\/\/elmundodelapolitica.com\/v1\/wp-json\/wp\/v2\/posts\/5745\/revisions\/5747"}],"wp:featuredmedia":[{"embeddable":true,"href":"https:\/\/elmundodelapolitica.com\/v1\/wp-json\/wp\/v2\/media\/5746"}],"wp:attachment":[{"href":"https:\/\/elmundodelapolitica.com\/v1\/wp-json\/wp\/v2\/media?parent=5745"}],"wp:term":[{"taxonomy":"category","embeddable":true,"href":"https:\/\/elmundodelapolitica.com\/v1\/wp-json\/wp\/v2\/categories?post=5745"},{"taxonomy":"post_tag","embeddable":true,"href":"https:\/\/elmundodelapolitica.com\/v1\/wp-json\/wp\/v2\/tags?post=5745"}],"curies":[{"name":"wp","href":"https:\/\/api.w.org\/{rel}","templated":true}]}}