{"id":5742,"date":"2023-11-20T18:09:55","date_gmt":"2023-11-20T22:09:55","guid":{"rendered":"https:\/\/elmundodelapolitica.com\/v1\/?p=5742"},"modified":"2023-11-20T18:09:57","modified_gmt":"2023-11-20T22:09:57","slug":"marranzini-esteva-reconoce-estabilidad-economica-y-confianza-sector-privado-seguir-siendo-motor-crecimiento-del-pais","status":"publish","type":"post","link":"https:\/\/elmundodelapolitica.com\/v1\/marranzini-esteva-reconoce-estabilidad-economica-y-confianza-sector-privado-seguir-siendo-motor-crecimiento-del-pais\/","title":{"rendered":"Marranzini Esteva reconoce estabilidad econ\u00f3mica y confianza sector privado seguir siendo motor crecimiento del pa\u00eds"},"content":{"rendered":"\n<p>Santo Domingo, R. D. Noviembre 15, 2023.- El presidente del Consejo Nacional de la Empresa Privada (CONEP), Celso Juan Marranzini, reconoci\u00f3 la estabilidad econ\u00f3mica y confianza existente en el pa\u00eds para que las empresas sigan siendo el motor de crecimiento del pa\u00eds.<\/p>\n\n\n\n<p>De su parte, el presidente Luis Abinader, quien estuvo presente en la clausura de la D\u00e9cima Convenci\u00f3n Empresarial del CONEP, reconoci\u00f3 el compromiso, esfuerzo y dedicaci\u00f3n del empresariado para la estabilidad y bienestar de la sociedad.<\/p>\n\n\n\n<p>Marranzini destac\u00f3 que para el pr\u00f3ximo a\u00f1o la proyecci\u00f3n de la inversi\u00f3n privada en el pa\u00eds ser\u00e1 de aproximadamente 30,000 millones de d\u00f3lares.<\/p>\n\n\n\n<p>Al pronunciar el discurso central del evento, Marranzini Esteva dijo, \u201creconocemos que en la Rep\u00fablica Dominicana existe un ambiente de confianza y un entorno favorable que permite al sector privado asumir el compromiso de continuar siendo motor para que el crecimiento de nuestra econom\u00eda supere el 5% anual\u201d.&nbsp;&nbsp;<\/p>\n\n\n\n<p>En ese mismo orden expres\u00f3 que la Rep\u00fablica Dominicana es reconocida y admirada en el resto del mundo. \u201cEn gran parte se lo debemos a la calidad humana de nuestra gente. Pero tambi\u00e9n a la estabilidad, confianza que aqu\u00ed se ha generado y nos ha permitido avanzar\u201d.&nbsp;<\/p>\n\n\n\n<p>Marranzini explic\u00f3 que durante las \u00faltimas 5 d\u00e9cadas, la Rep\u00fablica Dominicana ha construido una historia de \u00e9xito considerando un extraordinario desempe\u00f1o y que la colocar\u00e1 al final de este 2023, como la s\u00e9ptima econom\u00eda de la regi\u00f3n.&nbsp;<\/p>\n\n\n\n<p>85% aportes provienen sector privado<\/p>\n\n\n\n<p>\u201cNuestro promedio de incremento de la actividad econ\u00f3mica en este per\u00edodo ha sido de 5.2%, coloc\u00e1ndonos como el pa\u00eds latinoamericano de mayor crecimiento en los \u00faltimos 12 a\u00f1os. La evidencia demuestra que el 85% de estos aportes provienen del sector privado\u201d, manifest\u00f3.<\/p>\n\n\n\n<p>En lo relativo al mercado de capitales dominicano, Marranzini explic\u00f3 que se consolida como una plataforma de alto potencial de desarrollo, con valores bajo custodia que superan los US$45,000 millones, creciendo a un 26% anual.<\/p>\n\n\n\n<p>El presidente del CONEP, proyect\u00f3 la creaci\u00f3n de al menos 500,000 empleos en los pr\u00f3ximos cuatro a\u00f1os, teniendo en cuenta que el sector privado aporta 86 de cada 100 puestos de trabajo en la econom\u00eda dominicana.&nbsp;<\/p>\n\n\n\n<figure class=\"wp-block-image size-large\"><img loading=\"lazy\" decoding=\"async\" width=\"1024\" height=\"682\" src=\"https:\/\/elmundodelapolitica.com\/v1\/wp-content\/uploads\/2023\/11\/0-7-1024x682.jpg\" alt=\"\" class=\"wp-image-5743\" srcset=\"https:\/\/elmundodelapolitica.com\/v1\/wp-content\/uploads\/2023\/11\/0-7-1024x682.jpg 1024w, https:\/\/elmundodelapolitica.com\/v1\/wp-content\/uploads\/2023\/11\/0-7-300x200.jpg 300w, https:\/\/elmundodelapolitica.com\/v1\/wp-content\/uploads\/2023\/11\/0-7-768x512.jpg 768w, https:\/\/elmundodelapolitica.com\/v1\/wp-content\/uploads\/2023\/11\/0-7.jpg 1379w\" sizes=\"auto, (max-width: 1024px) 100vw, 1024px\" \/><\/figure>\n","protected":false},"excerpt":{"rendered":"<p>Santo Domingo, R. D. Noviembre 15, 2023.- El presidente del Consejo Nacional de la Empresa Privada (CONEP), Celso Juan Marranzini, reconoci\u00f3 la estabilidad econ\u00f3mica y confianza existente en el pa\u00eds&hellip; <\/p>\n","protected":false},"author":2,"featured_media":5743,"comment_status":"open","ping_status":"open","sticky":false,"template":"","format":"standard","meta":{"fifu_image_url":"","fifu_image_alt":"","footnotes":""},"categories":[40],"tags":[],"class_list":["post-5742","post","type-post","status-publish","format-standard","has-post-thumbnail","hentry","category-empresarial"],"_links":{"self":[{"href":"https:\/\/elmundodelapolitica.com\/v1\/wp-json\/wp\/v2\/posts\/5742","targetHints":{"allow":["GET"]}}],"collection":[{"href":"https:\/\/elmundodelapolitica.com\/v1\/wp-json\/wp\/v2\/posts"}],"about":[{"href":"https:\/\/elmundodelapolitica.com\/v1\/wp-json\/wp\/v2\/types\/post"}],"author":[{"embeddable":true,"href":"https:\/\/elmundodelapolitica.com\/v1\/wp-json\/wp\/v2\/users\/2"}],"replies":[{"embeddable":true,"href":"https:\/\/elmundodelapolitica.com\/v1\/wp-json\/wp\/v2\/comments?post=5742"}],"version-history":[{"count":1,"href":"https:\/\/elmundodelapolitica.com\/v1\/wp-json\/wp\/v2\/posts\/5742\/revisions"}],"predecessor-version":[{"id":5744,"href":"https:\/\/elmundodelapolitica.com\/v1\/wp-json\/wp\/v2\/posts\/5742\/revisions\/5744"}],"wp:featuredmedia":[{"embeddable":true,"href":"https:\/\/elmundodelapolitica.com\/v1\/wp-json\/wp\/v2\/media\/5743"}],"wp:attachment":[{"href":"https:\/\/elmundodelapolitica.com\/v1\/wp-json\/wp\/v2\/media?parent=5742"}],"wp:term":[{"taxonomy":"category","embeddable":true,"href":"https:\/\/elmundodelapolitica.com\/v1\/wp-json\/wp\/v2\/categories?post=5742"},{"taxonomy":"post_tag","embeddable":true,"href":"https:\/\/elmundodelapolitica.com\/v1\/wp-json\/wp\/v2\/tags?post=5742"}],"curies":[{"name":"wp","href":"https:\/\/api.w.org\/{rel}","templated":true}]}}