{"id":5731,"date":"2023-11-20T17:59:02","date_gmt":"2023-11-20T21:59:02","guid":{"rendered":"https:\/\/elmundodelapolitica.com\/v1\/?p=5731"},"modified":"2023-11-20T17:59:04","modified_gmt":"2023-11-20T21:59:04","slug":"inicia-mitur-construccion-plaza-multiuso-el-seibo","status":"publish","type":"post","link":"https:\/\/elmundodelapolitica.com\/v1\/inicia-mitur-construccion-plaza-multiuso-el-seibo\/","title":{"rendered":"Inicia MITUR construcci\u00f3n plaza multiuso El Seibo"},"content":{"rendered":"\n<p><span style=\"color: rgb(34, 34, 34); font-size: 12pt; text-align: justify; white-space-collapse: collapse; font-family: &quot;Century Gothic&quot;, sans-serif;\"><b>Santa Cruz<\/b>, El Seibo. Noviembre 13, 2023.-\u00a0El ministro de Turismo, David Collado, dej\u00f3 iniciados los trabajos de construcci\u00f3n de la Plaza Multiuso en este municipio de la provincia El Seibo, a un costo superior a los trescientos millones de pesos.<\/span><p class=\"MsoNormal\" style=\"margin: 0cm; color: rgb(34, 34, 34); white-space-collapse: collapse; text-align: justify; font-size: 12pt; font-family: &quot;Times New Roman&quot;, serif;\"><span style=\"font-family: &quot;Century Gothic&quot;, sans-serif;\">\u00a0El proyecto es una obra de 5,700 metros cuadrados de construcci\u00f3n en un \u00e1rea de intervenci\u00f3n de 20,560, dise\u00f1ada con el objetivo de promover el desarrollo del turismo cultural de la zona, debido a que es la \u00fanica provincia del pa\u00eds donde se desarrolla el arte taurino.\u00a0La plaza, que tendr\u00e1 una capacidad para 2,500 personas, fue dise\u00f1ada tomando en cuenta la creaci\u00f3n de espacios arquitect\u00f3nicos incluyentes, de forma que el usuario pueda tener acceso a todas las \u00e1reas de este.\u00a0El ministro de Turismo, David Collado, manifest\u00f3 que la obra tendr\u00e1 un impacto directo en el desarrollo del turismo en la zona.\u00a0\"Esta obra marcar\u00e1 un antes y un despu\u00e9s en el empuje del turismo en esta provincia\", expres\u00f3 Collado.\u00a0La obra ser\u00e1 construida por el Comit\u00e9 Ejecutor de Infraestructura Tur\u00edstica (CEIZTUR) del Ministerio de Turismo, por un monto total de RD$300,780,963.26.\u00a0La misma posee una plaza de esparcimiento que rodea toda la infraestructura de 17,760 metros cuadrados; comprendiendo estacionamientos para 102 veh\u00edculos, 7 autobuses, 36 motores.\u00a0Adem\u00e1s, de 4,521 metros cuadrados de paisajismo, \u00e1rea infantil de 2,567 metros cuadrados, iluminaci\u00f3n, equipamiento, seguridad; lo necesario para el uso y disfrute de todos los usuarios que la visiten.\u00a0El proyecto Plaza Multiuso cuenta en su interior con un sal\u00f3n multiuso con capacidad para 60 personas, palcos con capacidad 56 personas, oficinas, 6 m\u00f3dulos de venta de 70 metros cuadrados, as\u00ed como con \u00e1rea de preparaci\u00f3n, mesas y cocina.<\/span><\/p><\/p>\n\n\n\n<figure class=\"wp-block-image size-large\"><img loading=\"lazy\" decoding=\"async\" width=\"1024\" height=\"586\" src=\"https:\/\/elmundodelapolitica.com\/v1\/wp-content\/uploads\/2023\/11\/0-5-1024x586.jpg\" alt=\"\" class=\"wp-image-5732\" srcset=\"https:\/\/elmundodelapolitica.com\/v1\/wp-content\/uploads\/2023\/11\/0-5-1024x586.jpg 1024w, https:\/\/elmundodelapolitica.com\/v1\/wp-content\/uploads\/2023\/11\/0-5-300x172.jpg 300w, https:\/\/elmundodelapolitica.com\/v1\/wp-content\/uploads\/2023\/11\/0-5-768x439.jpg 768w, https:\/\/elmundodelapolitica.com\/v1\/wp-content\/uploads\/2023\/11\/0-5.jpg 1280w\" sizes=\"auto, (max-width: 1024px) 100vw, 1024px\" \/><\/figure>\n","protected":false},"excerpt":{"rendered":"<p>Santa Cruz, El Seibo. Noviembre 13, 2023.-\u00a0El ministro de Turismo, David Collado, dej\u00f3 iniciados los trabajos de construcci\u00f3n de la Plaza Multiuso en este municipio de la provincia El Seibo,&hellip; <\/p>\n","protected":false},"author":2,"featured_media":5732,"comment_status":"open","ping_status":"open","sticky":false,"template":"","format":"standard","meta":{"fifu_image_url":"","fifu_image_alt":"","footnotes":""},"categories":[25],"tags":[],"class_list":["post-5731","post","type-post","status-publish","format-standard","has-post-thumbnail","hentry","category-construccion"],"_links":{"self":[{"href":"https:\/\/elmundodelapolitica.com\/v1\/wp-json\/wp\/v2\/posts\/5731","targetHints":{"allow":["GET"]}}],"collection":[{"href":"https:\/\/elmundodelapolitica.com\/v1\/wp-json\/wp\/v2\/posts"}],"about":[{"href":"https:\/\/elmundodelapolitica.com\/v1\/wp-json\/wp\/v2\/types\/post"}],"author":[{"embeddable":true,"href":"https:\/\/elmundodelapolitica.com\/v1\/wp-json\/wp\/v2\/users\/2"}],"replies":[{"embeddable":true,"href":"https:\/\/elmundodelapolitica.com\/v1\/wp-json\/wp\/v2\/comments?post=5731"}],"version-history":[{"count":1,"href":"https:\/\/elmundodelapolitica.com\/v1\/wp-json\/wp\/v2\/posts\/5731\/revisions"}],"predecessor-version":[{"id":5733,"href":"https:\/\/elmundodelapolitica.com\/v1\/wp-json\/wp\/v2\/posts\/5731\/revisions\/5733"}],"wp:featuredmedia":[{"embeddable":true,"href":"https:\/\/elmundodelapolitica.com\/v1\/wp-json\/wp\/v2\/media\/5732"}],"wp:attachment":[{"href":"https:\/\/elmundodelapolitica.com\/v1\/wp-json\/wp\/v2\/media?parent=5731"}],"wp:term":[{"taxonomy":"category","embeddable":true,"href":"https:\/\/elmundodelapolitica.com\/v1\/wp-json\/wp\/v2\/categories?post=5731"},{"taxonomy":"post_tag","embeddable":true,"href":"https:\/\/elmundodelapolitica.com\/v1\/wp-json\/wp\/v2\/tags?post=5731"}],"curies":[{"name":"wp","href":"https:\/\/api.w.org\/{rel}","templated":true}]}}