{"id":5728,"date":"2023-11-20T17:58:05","date_gmt":"2023-11-20T21:58:05","guid":{"rendered":"https:\/\/elmundodelapolitica.com\/v1\/?p=5728"},"modified":"2023-11-20T17:58:08","modified_gmt":"2023-11-20T21:58:08","slug":"evalua-gobernador-valdez-albizu-con-mision-fmi-desempeno-y-perspectivas-economia-dominicana","status":"publish","type":"post","link":"https:\/\/elmundodelapolitica.com\/v1\/evalua-gobernador-valdez-albizu-con-mision-fmi-desempeno-y-perspectivas-economia-dominicana\/","title":{"rendered":"Evalua Gobernador Valdez Albizu con misi\u00f3n FMI desempe\u00f1o y perspectivas econom\u00eda dominicana\u00a0"},"content":{"rendered":"\n<p>Santo Domingo, Rep\u00fablica Dominicana. Noviembre 13, 2023.- El gobernador del Banco Central de la Rep\u00fablica Dominicana (BCRD), H\u00e9ctor Valdez Albizu recibi\u00f3 una visita del equipo t\u00e9cnico (staff visit) del Fondo Monetario Internacional (FMI), liderada por el jefe de misi\u00f3n Emilio Fern\u00e1ndez-Corugedo, que se encuentra en el pa\u00eds para realizar una evaluaci\u00f3n sobre el comportamiento de la econom\u00eda dominicana y sus previsiones para los a\u00f1os 2023 y 2024. Adicionalmente, la misi\u00f3n del FMI se reunir\u00e1 durante esta semana con diversos ministerios del Gobierno, otras entidades p\u00fablicas e instituciones privadas.<\/p>\n\n\n\n<p>El jefe de misi\u00f3n del FMI reconoci\u00f3 el buen desempe\u00f1o de la econom\u00eda dominicana y sus s\u00f3lidos fundamentos, destacando que el pa\u00eds ha sido capaz de resistir numerosos choques externos durante los \u00faltimos a\u00f1os, mostrando una amplia capacidad de resiliencia. Adem\u00e1s, expres\u00f3 que las expectativas para la econom\u00eda dominicana son muy buenas \u201ccomo muestra de que han realizado muy bien su tarea\u201d, motivo por el cual los inversionistas internacionales mantienen un alto inter\u00e9s en el pa\u00eds.<\/p>\n\n\n\n<p>Por su lado, Valdez Albizu destac\u00f3 como un hecho relevante la reducci\u00f3n de la inflaci\u00f3n hasta converger al rango meta de&nbsp;4.0 % \u00b1 1.0 % desde el mes de mayo de 2023, antes de lo previsto.&nbsp;Expuso que \u201cante esos logros en materia inflacionaria, el Banco Central ha contado con los espacios para iniciar un proceso de normalizaci\u00f3n monetaria, lo que le permiti\u00f3 reducir a su tasa de pol\u00edtica monetaria en 125 puntos b\u00e1sicos desde junio de 2023, al pasar de 8.50 % en mayo 2023 a 7.25 % en la actualidad\u201d\u2026<\/p>\n\n\n\n<figure class=\"wp-block-image size-large\"><img loading=\"lazy\" decoding=\"async\" width=\"1024\" height=\"500\" src=\"https:\/\/elmundodelapolitica.com\/v1\/wp-content\/uploads\/2023\/11\/0-4-1024x500.jpg\" alt=\"\" class=\"wp-image-5729\" srcset=\"https:\/\/elmundodelapolitica.com\/v1\/wp-content\/uploads\/2023\/11\/0-4-1024x500.jpg 1024w, https:\/\/elmundodelapolitica.com\/v1\/wp-content\/uploads\/2023\/11\/0-4-300x146.jpg 300w, https:\/\/elmundodelapolitica.com\/v1\/wp-content\/uploads\/2023\/11\/0-4-768x375.jpg 768w, https:\/\/elmundodelapolitica.com\/v1\/wp-content\/uploads\/2023\/11\/0-4-1536x750.jpg 1536w, https:\/\/elmundodelapolitica.com\/v1\/wp-content\/uploads\/2023\/11\/0-4.jpg 1581w\" sizes=\"auto, (max-width: 1024px) 100vw, 1024px\" \/><\/figure>\n","protected":false},"excerpt":{"rendered":"<p>Santo Domingo, Rep\u00fablica Dominicana. Noviembre 13, 2023.- El gobernador del Banco Central de la Rep\u00fablica Dominicana (BCRD), H\u00e9ctor Valdez Albizu recibi\u00f3 una visita del equipo t\u00e9cnico (staff visit) del Fondo&hellip; <\/p>\n","protected":false},"author":2,"featured_media":5729,"comment_status":"open","ping_status":"open","sticky":false,"template":"","format":"standard","meta":{"fifu_image_url":"","fifu_image_alt":"","footnotes":""},"categories":[21],"tags":[],"class_list":["post-5728","post","type-post","status-publish","format-standard","has-post-thumbnail","hentry","category-economia"],"_links":{"self":[{"href":"https:\/\/elmundodelapolitica.com\/v1\/wp-json\/wp\/v2\/posts\/5728","targetHints":{"allow":["GET"]}}],"collection":[{"href":"https:\/\/elmundodelapolitica.com\/v1\/wp-json\/wp\/v2\/posts"}],"about":[{"href":"https:\/\/elmundodelapolitica.com\/v1\/wp-json\/wp\/v2\/types\/post"}],"author":[{"embeddable":true,"href":"https:\/\/elmundodelapolitica.com\/v1\/wp-json\/wp\/v2\/users\/2"}],"replies":[{"embeddable":true,"href":"https:\/\/elmundodelapolitica.com\/v1\/wp-json\/wp\/v2\/comments?post=5728"}],"version-history":[{"count":1,"href":"https:\/\/elmundodelapolitica.com\/v1\/wp-json\/wp\/v2\/posts\/5728\/revisions"}],"predecessor-version":[{"id":5730,"href":"https:\/\/elmundodelapolitica.com\/v1\/wp-json\/wp\/v2\/posts\/5728\/revisions\/5730"}],"wp:featuredmedia":[{"embeddable":true,"href":"https:\/\/elmundodelapolitica.com\/v1\/wp-json\/wp\/v2\/media\/5729"}],"wp:attachment":[{"href":"https:\/\/elmundodelapolitica.com\/v1\/wp-json\/wp\/v2\/media?parent=5728"}],"wp:term":[{"taxonomy":"category","embeddable":true,"href":"https:\/\/elmundodelapolitica.com\/v1\/wp-json\/wp\/v2\/categories?post=5728"},{"taxonomy":"post_tag","embeddable":true,"href":"https:\/\/elmundodelapolitica.com\/v1\/wp-json\/wp\/v2\/tags?post=5728"}],"curies":[{"name":"wp","href":"https:\/\/api.w.org\/{rel}","templated":true}]}}