{"id":5724,"date":"2023-11-16T17:49:24","date_gmt":"2023-11-16T21:49:24","guid":{"rendered":"https:\/\/elmundodelapolitica.com\/v1\/?p=5724"},"modified":"2023-11-16T17:49:27","modified_gmt":"2023-11-16T21:49:27","slug":"revela-markestrategia-resultados-encuesta-nacional-noviembre-de-2023","status":"publish","type":"post","link":"https:\/\/elmundodelapolitica.com\/v1\/revela-markestrategia-resultados-encuesta-nacional-noviembre-de-2023\/","title":{"rendered":"Revela Markestrategia resultados Encuesta Nacional noviembre de 2023"},"content":{"rendered":"\n<p>Santo Domingo, R.D. Noviembre 16, 2023.- La destacada firma de estudios de mercado y an\u00e1lisis pol\u00edtico, Markestrategia, dio a conocer hoy los resultados de su m\u00e1s reciente Encuesta Nacional, realizada durante el per\u00edodo de noviembre de 2023. Los datos revelan un panorama pol\u00edtico interesante de cara a las elecciones presidenciales de 2024.<\/p>\n\n\n\n<p>Seg\u00fan la encuesta, el 57.6% de los encuestados expres\u00f3 su preferencia por el actual presidente, Luis Abinader, cuando se les pregunt\u00f3: \"Si los candidatos presidenciales en 2024 fueran: Luis Abinader, Abel Mart\u00ednez, Leonel Fern\u00e1ndez, Guillermo Moreno, Miguel Vargas y Carlos Pe\u00f1a, \u00bfpor cu\u00e1l de ellos usted votar\u00eda?\".<\/p>\n\n\n\n<p>Este resultado posiciona a Abinader como el candidato favorito, seguido por Leonel Fern\u00e1ndez con un 24.6%, Abel Mart\u00ednez con un 10.7%, Guillermo Moreno con un 1.3%, Miguel Vargas con un 1.1%, Carlos Pe\u00f1a con un 0.7%, y un 1.7% que no eligi\u00f3 a ninguno, adem\u00e1s de un 2.5% que no respondi\u00f3 a la pregunta.<\/p>\n\n\n\n<p>Sin embargo, el dato m\u00e1s destacado es el voto efectivo, donde Abinader logra un s\u00f3lido 60.1% de apoyo, consolidando su posici\u00f3n como l\u00edder. Le siguen Abel Mart\u00ednez con un 11.1%, Leonel Fern\u00e1ndez con un 25.7%, Guillermo Moreno con un 1.3%, Miguel Vargas con un 1.1%, y Carlos Pe\u00f1a con un 0.7%.<\/p>\n\n\n\n<p>La encuesta, realizada a lo largo de tres d\u00edas (12, 13 y 14 de noviembre) en todo el territorio nacional, consult\u00f3 a 1,200 personas mediante 23 preguntas cerradas. El estudio cuenta con un nivel de confianza del 95%, y presenta un margen de error muestral nacional del 2.8%. Adem\u00e1s, se registraron m\u00e1rgenes de error muestral regionales espec\u00edficos: 4.9% en el Gran Santo Domingo, 4.6% en la regi\u00f3n Norte, 6.9% en el Sur, y 8.0% en el Este.<\/p>\n","protected":false},"excerpt":{"rendered":"<p>Santo Domingo, R.D. Noviembre 16, 2023.- La destacada firma de estudios de mercado y an\u00e1lisis pol\u00edtico, Markestrategia, dio a conocer hoy los resultados de su m\u00e1s reciente Encuesta Nacional, realizada&hellip; <\/p>\n","protected":false},"author":2,"featured_media":5725,"comment_status":"open","ping_status":"open","sticky":false,"template":"","format":"standard","meta":{"fifu_image_url":"","fifu_image_alt":"","footnotes":""},"categories":[10],"tags":[],"class_list":["post-5724","post","type-post","status-publish","format-standard","has-post-thumbnail","hentry","category-marketing-politico"],"_links":{"self":[{"href":"https:\/\/elmundodelapolitica.com\/v1\/wp-json\/wp\/v2\/posts\/5724","targetHints":{"allow":["GET"]}}],"collection":[{"href":"https:\/\/elmundodelapolitica.com\/v1\/wp-json\/wp\/v2\/posts"}],"about":[{"href":"https:\/\/elmundodelapolitica.com\/v1\/wp-json\/wp\/v2\/types\/post"}],"author":[{"embeddable":true,"href":"https:\/\/elmundodelapolitica.com\/v1\/wp-json\/wp\/v2\/users\/2"}],"replies":[{"embeddable":true,"href":"https:\/\/elmundodelapolitica.com\/v1\/wp-json\/wp\/v2\/comments?post=5724"}],"version-history":[{"count":1,"href":"https:\/\/elmundodelapolitica.com\/v1\/wp-json\/wp\/v2\/posts\/5724\/revisions"}],"predecessor-version":[{"id":5726,"href":"https:\/\/elmundodelapolitica.com\/v1\/wp-json\/wp\/v2\/posts\/5724\/revisions\/5726"}],"wp:featuredmedia":[{"embeddable":true,"href":"https:\/\/elmundodelapolitica.com\/v1\/wp-json\/wp\/v2\/media\/5725"}],"wp:attachment":[{"href":"https:\/\/elmundodelapolitica.com\/v1\/wp-json\/wp\/v2\/media?parent=5724"}],"wp:term":[{"taxonomy":"category","embeddable":true,"href":"https:\/\/elmundodelapolitica.com\/v1\/wp-json\/wp\/v2\/categories?post=5724"},{"taxonomy":"post_tag","embeddable":true,"href":"https:\/\/elmundodelapolitica.com\/v1\/wp-json\/wp\/v2\/tags?post=5724"}],"curies":[{"name":"wp","href":"https:\/\/api.w.org\/{rel}","templated":true}]}}