{"id":5714,"date":"2023-11-08T20:35:40","date_gmt":"2023-11-09T00:35:40","guid":{"rendered":"https:\/\/elmundodelapolitica.com\/v1\/?p=5714"},"modified":"2023-11-08T20:35:41","modified_gmt":"2023-11-09T00:35:41","slug":"afirma-exdirector-migracion-sin-un-%c2%a8plan-marshall%c2%a8-haiti-no-podra-ser-rescatado","status":"publish","type":"post","link":"https:\/\/elmundodelapolitica.com\/v1\/afirma-exdirector-migracion-sin-un-%c2%a8plan-marshall%c2%a8-haiti-no-podra-ser-rescatado\/","title":{"rendered":"Afirma exdirector Migraci\u00f3n sin un \u00a8Plan Marshall\u00a8 Hait\u00ed no podr\u00e1 ser rescatado"},"content":{"rendered":"\n<p><strong>Santo Domingo,<\/strong>&nbsp;R.D. Noviembre 2023.-&nbsp;El secretario general de la Fuerza Nacional Progresista (FNP), Jos\u00e9 Ricardo Taveras, afirm\u00f3 que sin un \u00a8Plan Marshall\u00a8 Hait\u00ed no podr\u00e1 ser rescatado, ya que no tiene las condiciones para redimirse de manera soberana y no cuenta con posibilidades.<\/p>\n\n\n\n<p>Taveras dijo que a ese pa\u00eds podr\u00e1n ir los kenianos y las tropas de donde sea, pero a su entender, ser\u00e1 un fracaso mucho m\u00e1s estrepitoso de lo que ocurri\u00f3 con la Misi\u00f3n de Estabilizaci\u00f3n de las Naciones Unidas en Hait\u00ed (MINUSTAH).<\/p>\n\n\n\n<p>\u00a8Sin inversi\u00f3n econ\u00f3mica, estructura de educaci\u00f3n, comunicaciones, etc., Hait\u00ed no va a ser rescatado. Aunque en \u00faltima instancia tenga los recursos humanos para hacerlo, no tiene el dinero y no es un sujeto de cr\u00e9dito internacional\u00a8, expres\u00f3 el exdirector de Migraci\u00f3n al ser entrevistado en el programa Toque Final con Julio Mart\u00ednez Pozo, que se transmite por Antena 7.<\/p>\n\n\n\n<p>En tanto, manifest\u00f3 que constituye una derrota diplom\u00e1tica, pol\u00edtica y moral, tanto para el Gobierno como para el pueblo dominicano, el haber hecho un levantamiento parcial o unilateral en la frontera.<\/p>\n\n\n\n<p>Explic\u00f3 que desde su punto de vista el Gobierno cometi\u00f3 un error y debi\u00f3 hacer un escalamiento m\u00e1s mesurado, pero ya hab\u00eda tomado la medida del cierre de frontera, debido a que cuando se toman decisiones de esa naturaleza de parte de un Estado, a nivel del Presidente de la Rep\u00fablica, lo mejor es que se sostengan.<\/p>\n\n\n\n<p>En ese sentido, destac\u00f3 que si hab\u00eda alg\u00fan tipo de levantamiento producido sobre la base de una conversaci\u00f3n en la cual Hait\u00ed hubiese entregado algo, pero al hacerlo de la forma en que se hizo, de manera unilateral, el pa\u00eds se expon\u00eda a un desplante por no conocer la \u00edndole de las autoridades haitianas.<\/p>\n\n\n\n<p>Indic\u00f3, adem\u00e1s, que el pa\u00eds siempre est\u00e1 expuesto porque es una diplomacia err\u00e1tica la de Hait\u00ed y que los haitianos no tienen ning\u00fan tipo de sistema. \u00a8Nos han hecho un desplante, no creo que ellos est\u00e9n en capacidad de motivaciones de aquel lado, no es la primera vez que lo hacen y eso termina regulariz\u00e1ndose\u00a8, manifest\u00f3.<\/p>\n\n\n\n<p>Taveras consider\u00f3 que es el momento para que el Gobierno dominicano y los intereses empresariales comiencen a romper con el cascar\u00f3n en el que se han metido, en el sentido del mercado de los 20 millones de habitantes, que se comiencen a procurar escenarios de nuevos mercados para los productos dominicanos en los que puedan ser competitivos o crear las condiciones para poder serlo.<\/p>\n\n\n\n<p>El dirigente pol\u00edtico dijo que en todas partes del mundo existe un control biom\u00e9trico, que es completamente rutinaria la medida en la frontera y que en el caso de los haitianos resulta ser m\u00e1s importante, ya que Hait\u00ed tiene un nivel de indefensi\u00f3n en el tema de la organizaci\u00f3n de su Estado y no cuenta con un registro civil bien establecido, lo&nbsp; que significa, que una gran mayor\u00eda del pueblo haitiano, alrededor del 85 por ciento de la poblaci\u00f3n, no tiene identidad y no est\u00e1 asentada en ning\u00fan registro civil.<\/p>\n\n\n\n<p>Sugiri\u00f3 que se debe apoyar al Gobierno en ese sentido, no s\u00f3lo porque se haya dispuesto hacer un control biom\u00e9trico para el acceso a los mercados binacionales, sino para que lo sostenga. \u00a8Hay que ser rigurosos en el control. Me parece que el Gobierno debe hacer un esfuerzo por reformular los puntos de control migratorio. Hace falta crear una infraestructura donde exista una especie de \u00e1rea est\u00e9ril que permita hacer el proceso migratorio sin que haya tumultos ni confusi\u00f3n en los que est\u00e1n cruzando la frontera y la propia poblaci\u00f3n, porque eso genera un caos\u00a8.<\/p>\n\n\n\n<figure class=\"wp-block-image size-full\"><img loading=\"lazy\" decoding=\"async\" width=\"766\" height=\"570\" src=\"https:\/\/elmundodelapolitica.com\/v1\/wp-content\/uploads\/2023\/11\/0-1.png\" alt=\"\" class=\"wp-image-5715\" srcset=\"https:\/\/elmundodelapolitica.com\/v1\/wp-content\/uploads\/2023\/11\/0-1.png 766w, https:\/\/elmundodelapolitica.com\/v1\/wp-content\/uploads\/2023\/11\/0-1-300x223.png 300w\" sizes=\"auto, (max-width: 766px) 100vw, 766px\" \/><\/figure>\n","protected":false},"excerpt":{"rendered":"<p>Santo Domingo,&nbsp;R.D. Noviembre 2023.-&nbsp;El secretario general de la Fuerza Nacional Progresista (FNP), Jos\u00e9 Ricardo Taveras, afirm\u00f3 que sin un \u00a8Plan Marshall\u00a8 Hait\u00ed no podr\u00e1 ser rescatado, ya que no tiene&hellip; <\/p>\n","protected":false},"author":2,"featured_media":5715,"comment_status":"open","ping_status":"open","sticky":false,"template":"","format":"standard","meta":{"fifu_image_url":"","fifu_image_alt":"","footnotes":""},"categories":[28],"tags":[],"class_list":["post-5714","post","type-post","status-publish","format-standard","has-post-thumbnail","hentry","category-migracion"],"_links":{"self":[{"href":"https:\/\/elmundodelapolitica.com\/v1\/wp-json\/wp\/v2\/posts\/5714","targetHints":{"allow":["GET"]}}],"collection":[{"href":"https:\/\/elmundodelapolitica.com\/v1\/wp-json\/wp\/v2\/posts"}],"about":[{"href":"https:\/\/elmundodelapolitica.com\/v1\/wp-json\/wp\/v2\/types\/post"}],"author":[{"embeddable":true,"href":"https:\/\/elmundodelapolitica.com\/v1\/wp-json\/wp\/v2\/users\/2"}],"replies":[{"embeddable":true,"href":"https:\/\/elmundodelapolitica.com\/v1\/wp-json\/wp\/v2\/comments?post=5714"}],"version-history":[{"count":1,"href":"https:\/\/elmundodelapolitica.com\/v1\/wp-json\/wp\/v2\/posts\/5714\/revisions"}],"predecessor-version":[{"id":5716,"href":"https:\/\/elmundodelapolitica.com\/v1\/wp-json\/wp\/v2\/posts\/5714\/revisions\/5716"}],"wp:featuredmedia":[{"embeddable":true,"href":"https:\/\/elmundodelapolitica.com\/v1\/wp-json\/wp\/v2\/media\/5715"}],"wp:attachment":[{"href":"https:\/\/elmundodelapolitica.com\/v1\/wp-json\/wp\/v2\/media?parent=5714"}],"wp:term":[{"taxonomy":"category","embeddable":true,"href":"https:\/\/elmundodelapolitica.com\/v1\/wp-json\/wp\/v2\/categories?post=5714"},{"taxonomy":"post_tag","embeddable":true,"href":"https:\/\/elmundodelapolitica.com\/v1\/wp-json\/wp\/v2\/tags?post=5714"}],"curies":[{"name":"wp","href":"https:\/\/api.w.org\/{rel}","templated":true}]}}