{"id":5709,"date":"2023-11-08T20:23:51","date_gmt":"2023-11-09T00:23:51","guid":{"rendered":"https:\/\/elmundodelapolitica.com\/v1\/?p=5709"},"modified":"2023-11-08T20:23:53","modified_gmt":"2023-11-09T00:23:53","slug":"proporcionara-eua-casi-485-millones-dolares-asistencia-humanitaria-adicional-para-hemisferio-occidental","status":"publish","type":"post","link":"https:\/\/elmundodelapolitica.com\/v1\/proporcionara-eua-casi-485-millones-dolares-asistencia-humanitaria-adicional-para-hemisferio-occidental\/","title":{"rendered":"Proporcionar\u00e1 EUA casi 485 millones d\u00f3lares asistencia humanitaria adicional para hemisferio occidental"},"content":{"rendered":"\n<p>Washington, D.C., Departamento de Estado de los Estados Unidos.&nbsp;Oficina del Portavoz.&nbsp;Declaraci\u00f3n del Secretario de Estado, Antony J. Blinken,&nbsp;6 de noviembre de 2023.-&nbsp;El presidente Biden anunci\u00f3 en la Cumbre de L\u00edderes de la Alianza para la Prosperidad Econ\u00f3mica en las Am\u00e9ricas casi 485 millones de d\u00f3lares en asistencia humanitaria adicional para responder a las necesidades de las personas refugiadas, migrantes y otras poblaciones vulnerables de todo el hemisferio occidental, incluidas las personas desplazadas en Am\u00e9rica Latina y el Caribe, y por la crisis pol\u00edtica y econ\u00f3mica en Venezuela. Esta asistencia vital incluye m\u00e1s de 310 millones de d\u00f3lares a trav\u00e9s de la Oficina de Poblaci\u00f3n, Refugiados y Migraci\u00f3n del Departamento de Estado y m\u00e1s de 174 millones de d\u00f3lares a trav\u00e9s de la Agencia de los Estados Unidos para el Desarrollo Internacional.&nbsp;<\/p>\n\n\n\n<p>Dicha financiaci\u00f3n promueve los objetivos de la Declaraci\u00f3n de Los \u00c1ngeles sobre Migraci\u00f3n y Protecci\u00f3n, dirigidos a fomentar el reparto de responsabilidades, la estabilidad y la asistencia para las comunidades afectadas, y complementa las iniciativas de los pa\u00edses que los han apoyado generosamente.&nbsp;<\/p>\n\n\n\n<p>Estados Unidos se enorgullece de ser el mayor donante individual de asistencia humanitaria para el hemisferio occidental. En los \u00faltimos dos a\u00f1os, ha proporcionado m\u00e1s de 2.100 millones de d\u00f3lares en asistencia humanitaria para la regi\u00f3n. Aplica rigurosas salvaguardias contra el desv\u00edo de fondos y otros riesgos, y trabaja a trav\u00e9s de organizaciones de confianza que garantizan que la asistencia llegue a quienes la necesitan.&nbsp;<\/p>\n\n\n\n<p>Estamos firmemente decididos a trabajar en colaboraci\u00f3n con los Gobiernos, la sociedad civil, las organizaciones internacionales y otros socios con objeto de ayudar a proteger a las personas desplazadas y migrantes que se encuentran en una situaci\u00f3n de vulnerabilidad, hacer frente a las causas fundamentales de la migraci\u00f3n irregular y el desplazamiento, y gestionar humanamente la migraci\u00f3n en el hemisferio occidental. Instamos a otros donantes a que ayuden a apoyar la respuesta humanitaria en la regi\u00f3n.&nbsp;<\/p>\n\n\n\n<figure class=\"wp-block-image size-full\"><img loading=\"lazy\" decoding=\"async\" width=\"750\" height=\"450\" src=\"https:\/\/elmundodelapolitica.com\/v1\/wp-content\/uploads\/2023\/11\/F-QcPmKXIAAAcj7-750x450-1.jpg\" alt=\"\" class=\"wp-image-5710\" srcset=\"https:\/\/elmundodelapolitica.com\/v1\/wp-content\/uploads\/2023\/11\/F-QcPmKXIAAAcj7-750x450-1.jpg 750w, https:\/\/elmundodelapolitica.com\/v1\/wp-content\/uploads\/2023\/11\/F-QcPmKXIAAAcj7-750x450-1-300x180.jpg 300w\" sizes=\"auto, (max-width: 750px) 100vw, 750px\" \/><\/figure>\n","protected":false},"excerpt":{"rendered":"<p>Washington, D.C., Departamento de Estado de los Estados Unidos.&nbsp;Oficina del Portavoz.&nbsp;Declaraci\u00f3n del Secretario de Estado, Antony J. Blinken,&nbsp;6 de noviembre de 2023.-&nbsp;El presidente Biden anunci\u00f3 en la Cumbre de L\u00edderes&hellip; <\/p>\n","protected":false},"author":2,"featured_media":5710,"comment_status":"open","ping_status":"open","sticky":false,"template":"","format":"standard","meta":{"fifu_image_url":"","fifu_image_alt":"","footnotes":""},"categories":[7],"tags":[],"class_list":["post-5709","post","type-post","status-publish","format-standard","has-post-thumbnail","hentry","category-politica-exterior"],"_links":{"self":[{"href":"https:\/\/elmundodelapolitica.com\/v1\/wp-json\/wp\/v2\/posts\/5709","targetHints":{"allow":["GET"]}}],"collection":[{"href":"https:\/\/elmundodelapolitica.com\/v1\/wp-json\/wp\/v2\/posts"}],"about":[{"href":"https:\/\/elmundodelapolitica.com\/v1\/wp-json\/wp\/v2\/types\/post"}],"author":[{"embeddable":true,"href":"https:\/\/elmundodelapolitica.com\/v1\/wp-json\/wp\/v2\/users\/2"}],"replies":[{"embeddable":true,"href":"https:\/\/elmundodelapolitica.com\/v1\/wp-json\/wp\/v2\/comments?post=5709"}],"version-history":[{"count":1,"href":"https:\/\/elmundodelapolitica.com\/v1\/wp-json\/wp\/v2\/posts\/5709\/revisions"}],"predecessor-version":[{"id":5711,"href":"https:\/\/elmundodelapolitica.com\/v1\/wp-json\/wp\/v2\/posts\/5709\/revisions\/5711"}],"wp:featuredmedia":[{"embeddable":true,"href":"https:\/\/elmundodelapolitica.com\/v1\/wp-json\/wp\/v2\/media\/5710"}],"wp:attachment":[{"href":"https:\/\/elmundodelapolitica.com\/v1\/wp-json\/wp\/v2\/media?parent=5709"}],"wp:term":[{"taxonomy":"category","embeddable":true,"href":"https:\/\/elmundodelapolitica.com\/v1\/wp-json\/wp\/v2\/categories?post=5709"},{"taxonomy":"post_tag","embeddable":true,"href":"https:\/\/elmundodelapolitica.com\/v1\/wp-json\/wp\/v2\/tags?post=5709"}],"curies":[{"name":"wp","href":"https:\/\/api.w.org\/{rel}","templated":true}]}}