{"id":5706,"date":"2023-11-08T20:21:29","date_gmt":"2023-11-09T00:21:29","guid":{"rendered":"https:\/\/elmundodelapolitica.com\/v1\/?p=5706"},"modified":"2023-11-08T20:21:31","modified_gmt":"2023-11-09T00:21:31","slug":"juramento-astacio-mas-100-movimientos-apoyo-su-candidatura-en-sector-externo","status":"publish","type":"post","link":"https:\/\/elmundodelapolitica.com\/v1\/juramento-astacio-mas-100-movimientos-apoyo-su-candidatura-en-sector-externo\/","title":{"rendered":"Juramento Astacio m\u00e1s 100 movimientos apoyo su candidatura en Sector Externo"},"content":{"rendered":"\n<p>SANTO DOMINGO ESTE, R. D. Noviembre 2023.- Cientos de movimientos pol\u00edticos del Sector Externo brindaron apoyo al candidato alcalde en Santo Domingo Este por el Partido Revolucionario Moderno (PRM), el pastor D\u00edo Astacio, quienes se comprometieron a trabajar en conquistar el favor de los votantes que no militan en los partidos tradicionales del sistema.<\/p>\n\n\n\n<p>El presidente del Sector Externo de D\u00edo Astacio, Evison Lebron, indic\u00f3 que todo movimiento o cada dirigente comunitario que desee integrarse para ser parte de la estructura \u201cD\u00edo Alcalde por SDE\u201d ser\u00e1 bienvenido a los m\u00e1s de 1,800 coordinadores organizados en las 3 circunscripciones del municipio de Santo Domingo Este.<\/p>\n\n\n\n<p>\u201cTodos los movimientos deben ampliar cada d\u00eda su militancia para que nuestro candidato D\u00edo Astacio sea el alcalde que transforme el municipio de SDE en una marca pa\u00eds\u201d, puntualiz\u00f3.<\/p>\n\n\n\n<p>Lebron agreg\u00f3 que \u201cdebemos trabajar militantemente en las calles del municipio para conquistar el voto que le permita a nuestro candidato ganar las elecciones con m\u00e1s de un 65%\u201d.<\/p>\n\n\n\n<p>Mientras que, en su alocuci\u00f3n, el candidato D\u00edo Astacio destac\u00f3 que desde la alcald\u00eda dispondr\u00e1 espacios para que las mujeres y personas con discapacidad participen en su gesti\u00f3n de gobierno municipal.<\/p>\n\n\n\n<p>\u201cS\u00e9 que muchas mujeres que est\u00e1n aqu\u00ed han visto limitada su posibilidad de tener un empleo, y por eso les digo que el 50% de todos los empleos ser\u00e1n para ustedes. Las personas con discapacidad tambi\u00e9n tendr\u00e1n su espacio\u201d, garantiz\u00f3.<\/p>\n\n\n\n<p>Asimismo, el pastor D\u00edo Astacio expres\u00f3 que todos tendr\u00e1n las oportunidades que les correspondan y quienes violen la ley \u201cser\u00e1n castigados\u201d.<\/p>\n\n\n\n<p>\u201cAs\u00ed que pueden estar seguros ustedes tendr\u00e1 empleos, a quien corresponda tendr\u00e1 negocio, a quien corresponda tendr\u00e1 salud, a quien tendr\u00e1 educaci\u00f3n, y quien viole la ley ser\u00e1 castigado y tendr\u00e1 lo suyo tambi\u00e9n\u201d, enfatiz\u00f3 D\u00edo Astacio.<\/p>\n\n\n\n<p>El pastor enumer\u00f3 varias propuestas que ejecutar\u00e1 en sus primeros 100 d\u00edas, entre ellas: Recogida eficiente de la basura con un sistema de rutas y frecuencia puntual, una ciudad sanitaria para atenciones m\u00e9dicas en general, un estadio de b\u00e9isbol multiuso, un amplio local para el recinto de la Universidad Aut\u00f3noma de Santo Domingo (UASD) de SDE.<\/p>\n\n\n\n<p>Adem\u00e1s un refugio para personas con trastornos mentales, otro para los animales sin hogar (la casa de firulais), el Centro de Apoyo Comunitario PROA, el Plan OSEA, entre otros.<\/p>\n\n\n\n<p>De su lado, el secretario de la Juventud del Sector Externo, Hern\u00e1n Santos, afirm\u00f3 que los j\u00f3venes de SDE ser\u00e1n el motor del cambio que necesita el municipio SDE y que Astacio comprende a la perfecci\u00f3n las aspiraciones y preocupaciones de los j\u00f3venes.<\/p>\n\n\n\n<p>\u2018\u2018Es un honor estar aqu\u00ed en el coraz\u00f3n de nuestra comunidad frente a decenas de dirigentes j\u00f3venes llenos de energ\u00eda y entusiasmo, hablando sobre el futuro de Santo Domingo Este y de la importancia de elegir al l\u00edder adecuado para que tome las riendas de nuestro municipio, en pos de que reine el orden y se logre un porvenir para todos sus habitantes\u2019\u2019, expres\u00f3 Hern\u00e1ndez.<\/p>\n\n\n\n<p>Este acto cont\u00f3 con la coordinaci\u00f3n general de Evison Lebr\u00f3n y su equipo de trabajo, entre ellos: Juan Santos Lugo, vicepresidente; Danilo Abreu, director pol\u00edtico; Mauricio Hiciano, director ejecutivo; Roberto Javier, director operativo; Gamaliel Perez, y Hamlet E. Mota Portes, director de Comunicaciones, adem\u00e1s de todo el equipo directivo.<\/p>\n\n\n\n<p>As\u00ed como tambi\u00e9n, coordinadores municipales, coordinadores de circunscripci\u00f3n, regionales, sectoriales, y comunitarios que componen la estructura del municipio de Santo Domingo Este.&nbsp;<\/p>\n\n\n\n<p>Estuvieron presentes el presidente de la Coordinadora de Movimientos de Apoyo a Lu\u00eds Abinader (LA-24), Juan Rosa; el director pol\u00edtico del Proyecto D\u00edo Alcalde, pastor Jes\u00fas Col\u00f3n; el director ejecutivo Bienvenido Mena; el asesor Manuel Tejeda; entre otros.&nbsp;<\/p>\n\n\n\n<p>Adem\u00e1s de 6 candidatos a diputados y 15 candidatos a regidores por el municipio de Santo Domingo Este.<\/p>\n\n\n\n<p>La presentaci\u00f3n art\u00edstica estuvo a cargo del adorador Johan Paulino.<\/p>\n\n\n\n<figure class=\"wp-block-image size-large\"><img loading=\"lazy\" decoding=\"async\" width=\"1024\" height=\"682\" src=\"https:\/\/elmundodelapolitica.com\/v1\/wp-content\/uploads\/2023\/11\/0-3-1024x682.jpg\" alt=\"\" class=\"wp-image-5707\" srcset=\"https:\/\/elmundodelapolitica.com\/v1\/wp-content\/uploads\/2023\/11\/0-3-1024x682.jpg 1024w, https:\/\/elmundodelapolitica.com\/v1\/wp-content\/uploads\/2023\/11\/0-3-300x200.jpg 300w, https:\/\/elmundodelapolitica.com\/v1\/wp-content\/uploads\/2023\/11\/0-3-768x512.jpg 768w, https:\/\/elmundodelapolitica.com\/v1\/wp-content\/uploads\/2023\/11\/0-3.jpg 1379w\" sizes=\"auto, (max-width: 1024px) 100vw, 1024px\" \/><\/figure>\n","protected":false},"excerpt":{"rendered":"<p>SANTO DOMINGO ESTE, R. D. Noviembre 2023.- Cientos de movimientos pol\u00edticos del Sector Externo brindaron apoyo al candidato alcalde en Santo Domingo Este por el Partido Revolucionario Moderno (PRM), el&hellip; <\/p>\n","protected":false},"author":2,"featured_media":5707,"comment_status":"open","ping_status":"open","sticky":false,"template":"","format":"standard","meta":{"fifu_image_url":"","fifu_image_alt":"","footnotes":""},"categories":[5],"tags":[],"class_list":["post-5706","post","type-post","status-publish","format-standard","has-post-thumbnail","hentry","category-partidos"],"_links":{"self":[{"href":"https:\/\/elmundodelapolitica.com\/v1\/wp-json\/wp\/v2\/posts\/5706","targetHints":{"allow":["GET"]}}],"collection":[{"href":"https:\/\/elmundodelapolitica.com\/v1\/wp-json\/wp\/v2\/posts"}],"about":[{"href":"https:\/\/elmundodelapolitica.com\/v1\/wp-json\/wp\/v2\/types\/post"}],"author":[{"embeddable":true,"href":"https:\/\/elmundodelapolitica.com\/v1\/wp-json\/wp\/v2\/users\/2"}],"replies":[{"embeddable":true,"href":"https:\/\/elmundodelapolitica.com\/v1\/wp-json\/wp\/v2\/comments?post=5706"}],"version-history":[{"count":1,"href":"https:\/\/elmundodelapolitica.com\/v1\/wp-json\/wp\/v2\/posts\/5706\/revisions"}],"predecessor-version":[{"id":5708,"href":"https:\/\/elmundodelapolitica.com\/v1\/wp-json\/wp\/v2\/posts\/5706\/revisions\/5708"}],"wp:featuredmedia":[{"embeddable":true,"href":"https:\/\/elmundodelapolitica.com\/v1\/wp-json\/wp\/v2\/media\/5707"}],"wp:attachment":[{"href":"https:\/\/elmundodelapolitica.com\/v1\/wp-json\/wp\/v2\/media?parent=5706"}],"wp:term":[{"taxonomy":"category","embeddable":true,"href":"https:\/\/elmundodelapolitica.com\/v1\/wp-json\/wp\/v2\/categories?post=5706"},{"taxonomy":"post_tag","embeddable":true,"href":"https:\/\/elmundodelapolitica.com\/v1\/wp-json\/wp\/v2\/tags?post=5706"}],"curies":[{"name":"wp","href":"https:\/\/api.w.org\/{rel}","templated":true}]}}