{"id":5703,"date":"2023-11-08T20:04:49","date_gmt":"2023-11-09T00:04:49","guid":{"rendered":"https:\/\/elmundodelapolitica.com\/v1\/?p=5703"},"modified":"2023-11-08T20:04:54","modified_gmt":"2023-11-09T00:04:54","slug":"dicen-sectores-prm-ramirez-debe-ser-companero-boleta-hanoi-sanchez","status":"publish","type":"post","link":"https:\/\/elmundodelapolitica.com\/v1\/dicen-sectores-prm-ramirez-debe-ser-companero-boleta-hanoi-sanchez\/","title":{"rendered":"Dicen sectores PRM Ram\u00edrez debe ser compa\u00f1ero boleta Hanoi S\u00e1nchez"},"content":{"rendered":"\n<p>SAN JUAN DE LA MAGUANA, R.D. Noviembre 6, 2023.- Diversos sectores del Partido Revolucionario Moderno, han expresado en reuniones de la organizaci\u00f3n pol\u00edtica, que el comunicador Eduardo Ram\u00edrez (Papo), debe ser el candidato a la vicealcald\u00eda &nbsp;por la alianza PRM-MODA.<\/p>\n\n\n\n<p>Seg\u00fan han expresado los propulsores de esta idea, con dicha mutual ambas organizaciones pol\u00edticas tendr\u00e1n un triunfo arrollador en el municipio, en las elecciones municipales del 18 de febrero del 2024.<\/p>\n\n\n\n<p>Estos basan su propuesta en el crecimiento que ha venido experimentando el Partido Democr\u00e1tico Alternativo (MODA), tras anunciar al comunicador Eduardo Ram\u00edrez como candidato a alcalde de San Juan de la Maguana.<\/p>\n\n\n\n<p>Explicaron que, si Ram\u00edrez va como candidato a alcalde por el MODA esto podr\u00eda provocar que Hanoi S\u00e1nchez pierda y gane la oposici\u00f3n, pero con el binomio Hanoi-Papo se ganar\u00edan c\u00f3modamente las elecciones.<\/p>\n\n\n\n<p>Se ha filtrado que varios dirigentes provinciales y candidatos del PRM, han expresado no tener objeci\u00f3n a dicha propuesta.<\/p>\n\n\n\n<p>Se recuerda que el MODA ya proclam\u00f3 al Presidente Luis Abinader como su candidato presidencial para los comicios de mayo del 2024.<\/p>\n\n\n\n<figure class=\"wp-block-image size-full\"><img loading=\"lazy\" decoding=\"async\" width=\"404\" height=\"204\" src=\"https:\/\/elmundodelapolitica.com\/v1\/wp-content\/uploads\/2023\/11\/0-2.jpg\" alt=\"\" class=\"wp-image-5704\" srcset=\"https:\/\/elmundodelapolitica.com\/v1\/wp-content\/uploads\/2023\/11\/0-2.jpg 404w, https:\/\/elmundodelapolitica.com\/v1\/wp-content\/uploads\/2023\/11\/0-2-300x151.jpg 300w\" sizes=\"auto, (max-width: 404px) 100vw, 404px\" \/><\/figure>\n","protected":false},"excerpt":{"rendered":"<p>SAN JUAN DE LA MAGUANA, R.D. Noviembre 6, 2023.- Diversos sectores del Partido Revolucionario Moderno, han expresado en reuniones de la organizaci\u00f3n pol\u00edtica, que el comunicador Eduardo Ram\u00edrez (Papo), debe&hellip; <\/p>\n","protected":false},"author":2,"featured_media":5704,"comment_status":"open","ping_status":"open","sticky":false,"template":"","format":"standard","meta":{"fifu_image_url":"","fifu_image_alt":"","footnotes":""},"categories":[5],"tags":[],"class_list":["post-5703","post","type-post","status-publish","format-standard","has-post-thumbnail","hentry","category-partidos"],"_links":{"self":[{"href":"https:\/\/elmundodelapolitica.com\/v1\/wp-json\/wp\/v2\/posts\/5703","targetHints":{"allow":["GET"]}}],"collection":[{"href":"https:\/\/elmundodelapolitica.com\/v1\/wp-json\/wp\/v2\/posts"}],"about":[{"href":"https:\/\/elmundodelapolitica.com\/v1\/wp-json\/wp\/v2\/types\/post"}],"author":[{"embeddable":true,"href":"https:\/\/elmundodelapolitica.com\/v1\/wp-json\/wp\/v2\/users\/2"}],"replies":[{"embeddable":true,"href":"https:\/\/elmundodelapolitica.com\/v1\/wp-json\/wp\/v2\/comments?post=5703"}],"version-history":[{"count":1,"href":"https:\/\/elmundodelapolitica.com\/v1\/wp-json\/wp\/v2\/posts\/5703\/revisions"}],"predecessor-version":[{"id":5705,"href":"https:\/\/elmundodelapolitica.com\/v1\/wp-json\/wp\/v2\/posts\/5703\/revisions\/5705"}],"wp:featuredmedia":[{"embeddable":true,"href":"https:\/\/elmundodelapolitica.com\/v1\/wp-json\/wp\/v2\/media\/5704"}],"wp:attachment":[{"href":"https:\/\/elmundodelapolitica.com\/v1\/wp-json\/wp\/v2\/media?parent=5703"}],"wp:term":[{"taxonomy":"category","embeddable":true,"href":"https:\/\/elmundodelapolitica.com\/v1\/wp-json\/wp\/v2\/categories?post=5703"},{"taxonomy":"post_tag","embeddable":true,"href":"https:\/\/elmundodelapolitica.com\/v1\/wp-json\/wp\/v2\/tags?post=5703"}],"curies":[{"name":"wp","href":"https:\/\/api.w.org\/{rel}","templated":true}]}}