{"id":5687,"date":"2023-11-02T09:35:30","date_gmt":"2023-11-02T13:35:30","guid":{"rendered":"https:\/\/elmundodelapolitica.com\/v1\/?p=5687"},"modified":"2023-11-02T09:35:34","modified_gmt":"2023-11-02T13:35:34","slug":"fuerza-del-pueblo-y-opcion-democratica-firman-alianza-municipal-y-congresual","status":"publish","type":"post","link":"https:\/\/elmundodelapolitica.com\/v1\/fuerza-del-pueblo-y-opcion-democratica-firman-alianza-municipal-y-congresual\/","title":{"rendered":"Fuerza del Pueblo y Opci\u00f3n Democr\u00e1tica firman alianza municipal y congresual"},"content":{"rendered":"\n<p>SANTO DOMINGO.- Los partidos Fuerza del Pueblo (FP) y Opci\u00f3n Democr\u00e1tica (OD) firmaron un acuerdo pol\u00edtico&nbsp; de cara a las elecciones municipales y congresuales del 2024.<\/p>\n\n\n\n<p>Las organizaciones informaron que han suscrito un acuerdo de alcance parcial y exclusivo a nivel municipal y congresual para 15 territorios con el inter\u00e9s de fortalecer nuevos liderazgos en el Congreso Nacional y los ayuntamientos.<\/p>\n\n\n\n<p>Ambos partidos indicaron que concurrir\u00e1n al certamen electoral de 2024 con candidaturas presidenciales propias y, manifestaron su compromiso y su vocaci\u00f3n opositora de desplazar al actual gobierno encabezado por el PRM.<\/p>\n\n\n\n<p>El acuerdo fue rubricado en representaci\u00f3n de la Fuerza del Pueblo, por Radham\u00e9s Jim\u00e9nez Pe\u00f1a y Antonio Flori\u00e1n, vicepresidente y secretario general.<\/p>\n\n\n\n<p>Mientras que por Opci\u00f3n Democr\u00e1tica lo hizo Minou Tav\u00e1rez Mirabal y Franiel Genao, presidenta y secretario general.<\/p>\n\n\n\n<p>Como testigo de la firma estuvieron, de OD, Alexandra Sued y Leomerys Dom\u00ednguez, dos de las candidatas de la boleta conjunta; mientras que por la FP, Roberto Rosario y Manolo Pichardo, miembros de la Direcci\u00f3n Pol\u00edtica.<\/p>\n\n\n\n<p>Jim\u00e9nez Pe\u00f1a se\u00f1al\u00f3 que debido al \u00aberr\u00e1tico manejo del gobierno del PRM, los dominicanos tienen que buscar prestado para comer y los niveles de delincuencia en el pa\u00eds son altamente preocupantes, razones entre las cuales estas organizaciones suscriben el acuerdo\u00bb.<\/p>\n","protected":false},"excerpt":{"rendered":"<p>SANTO DOMINGO.- Los partidos Fuerza del Pueblo (FP) y Opci\u00f3n Democr\u00e1tica (OD) firmaron un acuerdo pol\u00edtico&nbsp; de cara a las elecciones municipales y congresuales del 2024. Las organizaciones informaron que&hellip; <\/p>\n","protected":false},"author":2,"featured_media":5689,"comment_status":"open","ping_status":"open","sticky":false,"template":"","format":"standard","meta":{"fifu_image_url":"https:\/\/almomento.net\/wp-content\/uploads\/2023\/10\/FP-y-Opcion-Democratica.jpg","fifu_image_alt":"Fuerza del Pueblo y Opci\u00f3n Democr\u00e1tica firman alianza municipal y congresual","footnotes":""},"categories":[63],"tags":[],"class_list":["post-5687","post","type-post","status-publish","format-standard","has-post-thumbnail","hentry","category-actualidad"],"_links":{"self":[{"href":"https:\/\/elmundodelapolitica.com\/v1\/wp-json\/wp\/v2\/posts\/5687","targetHints":{"allow":["GET"]}}],"collection":[{"href":"https:\/\/elmundodelapolitica.com\/v1\/wp-json\/wp\/v2\/posts"}],"about":[{"href":"https:\/\/elmundodelapolitica.com\/v1\/wp-json\/wp\/v2\/types\/post"}],"author":[{"embeddable":true,"href":"https:\/\/elmundodelapolitica.com\/v1\/wp-json\/wp\/v2\/users\/2"}],"replies":[{"embeddable":true,"href":"https:\/\/elmundodelapolitica.com\/v1\/wp-json\/wp\/v2\/comments?post=5687"}],"version-history":[{"count":1,"href":"https:\/\/elmundodelapolitica.com\/v1\/wp-json\/wp\/v2\/posts\/5687\/revisions"}],"predecessor-version":[{"id":5688,"href":"https:\/\/elmundodelapolitica.com\/v1\/wp-json\/wp\/v2\/posts\/5687\/revisions\/5688"}],"wp:featuredmedia":[{"embeddable":true,"href":"https:\/\/elmundodelapolitica.com\/v1\/wp-json\/wp\/v2\/media\/5689"}],"wp:attachment":[{"href":"https:\/\/elmundodelapolitica.com\/v1\/wp-json\/wp\/v2\/media?parent=5687"}],"wp:term":[{"taxonomy":"category","embeddable":true,"href":"https:\/\/elmundodelapolitica.com\/v1\/wp-json\/wp\/v2\/categories?post=5687"},{"taxonomy":"post_tag","embeddable":true,"href":"https:\/\/elmundodelapolitica.com\/v1\/wp-json\/wp\/v2\/tags?post=5687"}],"curies":[{"name":"wp","href":"https:\/\/api.w.org\/{rel}","templated":true}]}}