{"id":5684,"date":"2023-11-02T09:32:16","date_gmt":"2023-11-02T13:32:16","guid":{"rendered":"https:\/\/elmundodelapolitica.com\/v1\/?p=5684"},"modified":"2023-11-08T19:47:25","modified_gmt":"2023-11-08T23:47:25","slug":"declaracion-de-la-secretaria-de-prensa-karine-jean-pierre-sobre-la-reunion-bilateral-entre-el-presidente-biden-y-el-presidente-abinader","status":"publish","type":"post","link":"https:\/\/elmundodelapolitica.com\/v1\/declaracion-de-la-secretaria-de-prensa-karine-jean-pierre-sobre-la-reunion-bilateral-entre-el-presidente-biden-y-el-presidente-abinader\/","title":{"rendered":"Secretaria Prensa de la Casa Blanca explica temas reuni\u00f3n bilateral presidentes Biden y Abinader"},"content":{"rendered":"\n<p>Washington D. C.- El jueves 2 de noviembre,&nbsp;<strong>el presidente Joe Biden recibir\u00e1 al presidente Luis Abinader de la Rep\u00fablica Dominicana<\/strong>&nbsp;para una reuni\u00f3n bilateral en la Casa Blanca.&nbsp;<\/p>\n\n\n\n<p>Durante la reuni\u00f3n, el presidente Biden y el presidente Abinader discutir\u00e1n la&nbsp;<strong>estrecha asociaci\u00f3n entre Estados Unidos y la Rep\u00fablica Dominicana<\/strong>&nbsp;en una serie de&nbsp;<strong>prioridades compartidas<\/strong>, incluyendo el fortalecimiento de los&nbsp;<strong>lazos econ\u00f3micos bilaterales<\/strong>, el avance de los&nbsp;<strong>principios democr\u00e1ticos y los derechos laborales<\/strong>, as\u00ed&nbsp; como la situaci\u00f3n de&nbsp;<strong>seguridad en Hait\u00ed<\/strong>.<\/p>\n\n\n\n<p>El presidente Biden y el presidente Abinader tambi\u00e9n hablar\u00e1n sobre la&nbsp;<strong>Cumbre de L\u00edderes de la Asociaci\u00f3n para la Prosperidad Econ\u00f3mica de las Am\u00e9ricas<\/strong>, donde Estados Unidos, la Rep\u00fablica Dominicana y otros socios regionales profundizar\u00e1n su&nbsp;<strong>compromiso econ\u00f3mico conjunto para crear unas Am\u00e9ricas m\u00e1s integradas y pr\u00f3speras.<\/strong><\/p>\n","protected":false},"excerpt":{"rendered":"<p>Washington D. C.- El jueves 2 de noviembre,&nbsp;el presidente Joe Biden recibir\u00e1 al presidente Luis Abinader de la Rep\u00fablica Dominicana&nbsp;para una reuni\u00f3n bilateral en la Casa Blanca.&nbsp; Durante la reuni\u00f3n,&hellip; <\/p>\n","protected":false},"author":2,"featured_media":5686,"comment_status":"open","ping_status":"open","sticky":false,"template":"","format":"standard","meta":{"fifu_image_url":"https:\/\/elmundodelosnegocios.com.do\/v1\/wp-content\/uploads\/2023\/11\/DSC0884-1-1024x682.jpg","fifu_image_alt":"Declaraci\u00f3n de la Secretar\u00eda de Prensa Karine Jean-Pierre sobre la Reuni\u00f3n Bilateral entre el Presidente Biden y el Presidente Abinader","footnotes":""},"categories":[54],"tags":[],"class_list":["post-5684","post","type-post","status-publish","format-standard","has-post-thumbnail","hentry","category-politica_exterior"],"_links":{"self":[{"href":"https:\/\/elmundodelapolitica.com\/v1\/wp-json\/wp\/v2\/posts\/5684","targetHints":{"allow":["GET"]}}],"collection":[{"href":"https:\/\/elmundodelapolitica.com\/v1\/wp-json\/wp\/v2\/posts"}],"about":[{"href":"https:\/\/elmundodelapolitica.com\/v1\/wp-json\/wp\/v2\/types\/post"}],"author":[{"embeddable":true,"href":"https:\/\/elmundodelapolitica.com\/v1\/wp-json\/wp\/v2\/users\/2"}],"replies":[{"embeddable":true,"href":"https:\/\/elmundodelapolitica.com\/v1\/wp-json\/wp\/v2\/comments?post=5684"}],"version-history":[{"count":2,"href":"https:\/\/elmundodelapolitica.com\/v1\/wp-json\/wp\/v2\/posts\/5684\/revisions"}],"predecessor-version":[{"id":5696,"href":"https:\/\/elmundodelapolitica.com\/v1\/wp-json\/wp\/v2\/posts\/5684\/revisions\/5696"}],"wp:featuredmedia":[{"embeddable":true,"href":"https:\/\/elmundodelapolitica.com\/v1\/wp-json\/wp\/v2\/media\/5686"}],"wp:attachment":[{"href":"https:\/\/elmundodelapolitica.com\/v1\/wp-json\/wp\/v2\/media?parent=5684"}],"wp:term":[{"taxonomy":"category","embeddable":true,"href":"https:\/\/elmundodelapolitica.com\/v1\/wp-json\/wp\/v2\/categories?post=5684"},{"taxonomy":"post_tag","embeddable":true,"href":"https:\/\/elmundodelapolitica.com\/v1\/wp-json\/wp\/v2\/tags?post=5684"}],"curies":[{"name":"wp","href":"https:\/\/api.w.org\/{rel}","templated":true}]}}