{"id":5681,"date":"2023-11-02T09:31:08","date_gmt":"2023-11-02T13:31:08","guid":{"rendered":"https:\/\/elmundodelapolitica.com\/v1\/?p=5681"},"modified":"2023-11-02T09:31:11","modified_gmt":"2023-11-02T13:31:11","slug":"acosta-pide-legisladores-aprobar-resolucion-de-condena-a-la-onu","status":"publish","type":"post","link":"https:\/\/elmundodelapolitica.com\/v1\/acosta-pide-legisladores-aprobar-resolucion-de-condena-a-la-onu\/","title":{"rendered":"Acosta pide legisladores aprobar resoluci\u00f3n de condena a la\u00a0ONU"},"content":{"rendered":"\n<p>SANTO DOMINGO.- El presidente de la Uni\u00f3n Dem\u00f3crata Cristiana (UDC) Luis Acosta Moreta, pidi\u00f3 a los legisladores que emitan una resoluci\u00f3n condenando a las Naciones Unidas por el atropello cometido al acusar al pa\u00eds de proveer de armas a las pandillas haitianas<\/p>\n\n\n\n<p>Dijo que&nbsp;los&nbsp;senadores&nbsp;y&nbsp;diputados&nbsp;no&nbsp;pueden&nbsp;quedar&nbsp;callados&nbsp;ante&nbsp;esta&nbsp;calumnia&nbsp;contra la Rep\u00fablica&nbsp;Dominicana&nbsp;y&nbsp;deben&nbsp;hablar&nbsp;con&nbsp;claridad&nbsp;y&nbsp;condenar&nbsp;a la ONU&nbsp;por&nbsp;su&nbsp;atropello.<\/p>\n\n\n\n<p>\u00abLa ONU dice que su acusaci\u00f3n fue el resultado de la investigaci\u00f3n de una comisi\u00f3n de expertos que viaj\u00f3 a Hait\u00ed para determinar de d\u00f3nde provienen las armas que usan los pandilleros y de forma graciosa se acus\u00f3 a la Rep\u00fablica Dominicana de ser el vendedor\u00bb, indic\u00f3.<\/p>\n\n\n\n<p>Record\u00f3 estas manifestaciones fueron rechazadas por el presidente Luis Abinader que las consider\u00f3 una acusaci\u00f3n que no se corresponde con la verdad.<\/p>\n\n\n\n<p>La pasada semana, la UDC realiz\u00f3 un piquete frente a las oficinas de la ONU en Rep\u00fablica Dominicana, donde se le entreg\u00f3 una carta para su secretario general, Antonio Guterres, protestando por estas acusaciones calumniosas. Posteriormente visitamos el Congreso y entregamos copia de la carta<\/p>\n\n\n\n<p>\u00abToca ahora a los diputados y senadores de la Rep\u00fablica dar un paso al frente y demostrar su gran patriotismo, aprobando un proyecto de resoluci\u00f3n mediante el cual se condene a la ONU y se rechace este documento lleno de calumnias\u00bb, dijo Acosta Moreta.<\/p>\n\n\n\n<p>Destac\u00f3 que desde hace a\u00f1os la ONU est\u00e1 tratando de empujar&nbsp;&nbsp;a la Rep\u00fablica Dominicana de que sea un eje central en buscar soluciones a la crisis permanente que tienen los haitianos. \u00abEsa no es una responsabilidad de los dominicanos\u00bb.<\/p>\n","protected":false},"excerpt":{"rendered":"<p>SANTO DOMINGO.- El presidente de la Uni\u00f3n Dem\u00f3crata Cristiana (UDC) Luis Acosta Moreta, pidi\u00f3 a los legisladores que emitan una resoluci\u00f3n condenando a las Naciones Unidas por el atropello cometido&hellip; <\/p>\n","protected":false},"author":2,"featured_media":5683,"comment_status":"open","ping_status":"open","sticky":false,"template":"","format":"standard","meta":{"fifu_image_url":"https:\/\/almomento.net\/wp-content\/uploads\/2023\/07\/Untitled-7.jpg","fifu_image_alt":"Acosta pide legisladores aprobar resoluci\u00f3n de condena a la\u00a0ONU","footnotes":""},"categories":[63],"tags":[],"class_list":["post-5681","post","type-post","status-publish","format-standard","has-post-thumbnail","hentry","category-actualidad"],"_links":{"self":[{"href":"https:\/\/elmundodelapolitica.com\/v1\/wp-json\/wp\/v2\/posts\/5681","targetHints":{"allow":["GET"]}}],"collection":[{"href":"https:\/\/elmundodelapolitica.com\/v1\/wp-json\/wp\/v2\/posts"}],"about":[{"href":"https:\/\/elmundodelapolitica.com\/v1\/wp-json\/wp\/v2\/types\/post"}],"author":[{"embeddable":true,"href":"https:\/\/elmundodelapolitica.com\/v1\/wp-json\/wp\/v2\/users\/2"}],"replies":[{"embeddable":true,"href":"https:\/\/elmundodelapolitica.com\/v1\/wp-json\/wp\/v2\/comments?post=5681"}],"version-history":[{"count":1,"href":"https:\/\/elmundodelapolitica.com\/v1\/wp-json\/wp\/v2\/posts\/5681\/revisions"}],"predecessor-version":[{"id":5682,"href":"https:\/\/elmundodelapolitica.com\/v1\/wp-json\/wp\/v2\/posts\/5681\/revisions\/5682"}],"wp:featuredmedia":[{"embeddable":true,"href":"https:\/\/elmundodelapolitica.com\/v1\/wp-json\/wp\/v2\/media\/5683"}],"wp:attachment":[{"href":"https:\/\/elmundodelapolitica.com\/v1\/wp-json\/wp\/v2\/media?parent=5681"}],"wp:term":[{"taxonomy":"category","embeddable":true,"href":"https:\/\/elmundodelapolitica.com\/v1\/wp-json\/wp\/v2\/categories?post=5681"},{"taxonomy":"post_tag","embeddable":true,"href":"https:\/\/elmundodelapolitica.com\/v1\/wp-json\/wp\/v2\/tags?post=5681"}],"curies":[{"name":"wp","href":"https:\/\/api.w.org\/{rel}","templated":true}]}}