{"id":5663,"date":"2023-11-01T17:51:44","date_gmt":"2023-11-01T21:51:44","guid":{"rendered":"https:\/\/elmundodelapolitica.com\/v1\/?p=5663"},"modified":"2023-11-01T17:51:46","modified_gmt":"2023-11-01T21:51:46","slug":"reduce-bancentral-su-tasa-politica-monetaria-en-25-puntos-basicos","status":"publish","type":"post","link":"https:\/\/elmundodelapolitica.com\/v1\/reduce-bancentral-su-tasa-politica-monetaria-en-25-puntos-basicos\/","title":{"rendered":"Reduce Bancentral su tasa pol\u00edtica monetaria en 25 puntos b\u00e1sicos"},"content":{"rendered":"\n<p>El Banco Central de la Rep\u00fablica Dominicana (BCRD), en su reuni\u00f3n de pol\u00edtica monetaria de octubre de 2023, decidi\u00f3 reducir su tasa de inter\u00e9s de pol\u00edtica monetaria (TPM) en 25 puntos b\u00e1sicos, disminuyendo de 7.50 % a 7.25 % anual. Asimismo, la tasa de la facilidad permanente de expansi\u00f3n de liquidez (Repos a 1 d\u00eda) se reduce de 8.00 % a 7.75 % anual y la tasa de dep\u00f3sitos remunerados (Overnight) disminuye de 6.25 % a 6.00 % anual.<\/p>\n\n\n<div class=\"wp-block-image\">\n<figure class=\"alignleft size-full is-resized\"><img loading=\"lazy\" decoding=\"async\" width=\"746\" height=\"919\" src=\"https:\/\/elmundodelapolitica.com\/v1\/wp-content\/uploads\/2023\/11\/0.jpg\" alt=\"\" class=\"wp-image-5664\" style=\"aspect-ratio:0.8117519042437432;width:317px;height:auto\" srcset=\"https:\/\/elmundodelapolitica.com\/v1\/wp-content\/uploads\/2023\/11\/0.jpg 746w, https:\/\/elmundodelapolitica.com\/v1\/wp-content\/uploads\/2023\/11\/0-244x300.jpg 244w\" sizes=\"auto, (max-width: 746px) 100vw, 746px\" \/><\/figure>\n<\/div>\n\n\n<p>Esta medida toma en consideraci\u00f3n la evoluci\u00f3n reciente del entorno internacional y el comportamiento de la econom\u00eda dominicana, especialmente de la inflaci\u00f3n. En ese orden, la inflaci\u00f3n interanual se ha reducido significativamente durante el presente a\u00f1o y se encuentra dentro del rango meta de 4.0 % \u00b1 1.0 %, como resultado de las pol\u00edticas monetaria y fiscales implementadas, as\u00ed como de las menores presiones de la demanda interna.<\/p>\n\n\n\n<p>En efecto, la inflaci\u00f3n interanual ha disminuido de un m\u00e1ximo de 9.64 % en abril de 2022 a 4.41 % en septiembre de 2023, equivalente a una ca\u00edda de 523 puntos b\u00e1sicos durante este per\u00edodo. De igual forma, la inflaci\u00f3n subyacente, que excluye los precios de los componentes m\u00e1s vol\u00e1tiles de la canasta como los combustibles y algunos alimentos, mantiene la tendencia a la baja, al disminuir de 7.29 % en mayo de 2022 a 4.68 % en septiembre de 2023. Hacia adelante, los modelos de pron\u00f3sticos se\u00f1alan que la inflaci\u00f3n general y la subyacente se mantendr\u00edan dentro del rango meta de 4.0 % \u00b1 1.0 % durante el resto de 2023 y en el a\u00f1o 2024, en un escenario activo de pol\u00edtica monetaria\u2026<\/p>\n","protected":false},"excerpt":{"rendered":"<p>El Banco Central de la Rep\u00fablica Dominicana (BCRD), en su reuni\u00f3n de pol\u00edtica monetaria de octubre de 2023, decidi\u00f3 reducir su tasa de inter\u00e9s de pol\u00edtica monetaria (TPM) en 25&hellip; <\/p>\n","protected":false},"author":2,"featured_media":5664,"comment_status":"open","ping_status":"open","sticky":false,"template":"","format":"standard","meta":{"fifu_image_url":"","fifu_image_alt":"","footnotes":""},"categories":[32],"tags":[],"class_list":["post-5663","post","type-post","status-publish","format-standard","has-post-thumbnail","hentry","category-banca"],"_links":{"self":[{"href":"https:\/\/elmundodelapolitica.com\/v1\/wp-json\/wp\/v2\/posts\/5663","targetHints":{"allow":["GET"]}}],"collection":[{"href":"https:\/\/elmundodelapolitica.com\/v1\/wp-json\/wp\/v2\/posts"}],"about":[{"href":"https:\/\/elmundodelapolitica.com\/v1\/wp-json\/wp\/v2\/types\/post"}],"author":[{"embeddable":true,"href":"https:\/\/elmundodelapolitica.com\/v1\/wp-json\/wp\/v2\/users\/2"}],"replies":[{"embeddable":true,"href":"https:\/\/elmundodelapolitica.com\/v1\/wp-json\/wp\/v2\/comments?post=5663"}],"version-history":[{"count":1,"href":"https:\/\/elmundodelapolitica.com\/v1\/wp-json\/wp\/v2\/posts\/5663\/revisions"}],"predecessor-version":[{"id":5665,"href":"https:\/\/elmundodelapolitica.com\/v1\/wp-json\/wp\/v2\/posts\/5663\/revisions\/5665"}],"wp:featuredmedia":[{"embeddable":true,"href":"https:\/\/elmundodelapolitica.com\/v1\/wp-json\/wp\/v2\/media\/5664"}],"wp:attachment":[{"href":"https:\/\/elmundodelapolitica.com\/v1\/wp-json\/wp\/v2\/media?parent=5663"}],"wp:term":[{"taxonomy":"category","embeddable":true,"href":"https:\/\/elmundodelapolitica.com\/v1\/wp-json\/wp\/v2\/categories?post=5663"},{"taxonomy":"post_tag","embeddable":true,"href":"https:\/\/elmundodelapolitica.com\/v1\/wp-json\/wp\/v2\/tags?post=5663"}],"curies":[{"name":"wp","href":"https:\/\/api.w.org\/{rel}","templated":true}]}}