{"id":5660,"date":"2023-11-01T17:49:18","date_gmt":"2023-11-01T21:49:18","guid":{"rendered":"https:\/\/elmundodelapolitica.com\/v1\/?p=5660"},"modified":"2023-11-01T17:49:19","modified_gmt":"2023-11-01T21:49:19","slug":"prsd-proclama-a-luis-abinader-como-su-candidato-presidencial","status":"publish","type":"post","link":"https:\/\/elmundodelapolitica.com\/v1\/prsd-proclama-a-luis-abinader-como-su-candidato-presidencial\/","title":{"rendered":"PRSD proclama a Luis Abinader como su candidato presidencial"},"content":{"rendered":"\n<p><strong>SANTO DOMINGO. &#8211;<\/strong>&nbsp;El Partido Revolucionario Social Dem\u00f3crata (PRSD) oficializ\u00f3 a Luis Abinader como su candidato presidencial para las pr\u00f3ximas elecciones de mayo del 2024, en un acto en el que se ratific\u00f3 el apoyo de la organizaci\u00f3n a la actual gesti\u00f3n gubernamental.<\/p>\n\n\n\n<p>La resoluci\u00f3n proclamando al presidente Abinader como candidato oficial del PRSD fue acogida por unanimidad entre los delegados electos a nivel nacional, durante su Congreso Nacional de Delegados, que fue supervisado por la Junta Central Electoral (JCE).<\/p>\n\n\n\n<p>En el acto, el presidente del PRSD, Luis Miguel De Camps, resalt\u00f3 el compromiso de la organizaci\u00f3n con el fortalecimiento institucional del pa\u00eds, destacando que ese ha sido uno de los ejes centrales desde la fundaci\u00f3n del partido.<\/p>\n\n\n\n<p>\u201cHace cuatro a\u00f1os, el PRSD anunci\u00f3 su apoyo al presidente Luis Abinader, cuya direcci\u00f3n ejemplar ha contribuido significativamente al fortalecimiento de las instituciones, confirmado tanto por la organizaci\u00f3n como por el pa\u00eds en su conjunto\u201d, se\u00f1al\u00f3 el pol\u00edtico.<\/p>\n\n\n\n<p>De Camps, tambi\u00e9n mencion\u00f3 algunos de los motivos que impulsaron la ratificaci\u00f3n del respaldo al presidente Abinader, como la decisi\u00f3n del primer mandatario de promover la verdadera independencia del Ministerio P\u00fablico, lo que ha derivado en medidas para garantizar la transparencia en la gesti\u00f3n gubernamental.<\/p>\n\n\n\n<p>Adem\u00e1s, coment\u00f3 que dicho respaldo se fundamenta en la confluencia de ideas entre la formaci\u00f3n del PRM y el ideario del extinto Jos\u00e9 Francisco Pe\u00f1a G\u00f3mez, reflejadas en las acciones del actual gobierno que han contribuido al bienestar social de los dominicanos.<\/p>\n\n\n\n<p>\"En apenas tres a\u00f1os, hemos desmantelado estructuras negativas y corruptas arraigadas durante dos d\u00e9cadas. A trav\u00e9s de la transparencia, hemos fomentado la participaci\u00f3n ciudadana, encarnando la transformaci\u00f3n y cambio que representa el presidente Abinader en este pa\u00eds\", enfatiz\u00f3 De Camps.<\/p>\n\n\n\n<figure class=\"wp-block-image size-full\"><img loading=\"lazy\" decoding=\"async\" width=\"1000\" height=\"563\" src=\"https:\/\/elmundodelapolitica.com\/v1\/wp-content\/uploads\/2023\/11\/0.png\" alt=\"\" class=\"wp-image-5661\" srcset=\"https:\/\/elmundodelapolitica.com\/v1\/wp-content\/uploads\/2023\/11\/0.png 1000w, https:\/\/elmundodelapolitica.com\/v1\/wp-content\/uploads\/2023\/11\/0-300x169.png 300w, https:\/\/elmundodelapolitica.com\/v1\/wp-content\/uploads\/2023\/11\/0-768x432.png 768w\" sizes=\"auto, (max-width: 1000px) 100vw, 1000px\" \/><\/figure>\n\n\n\n<p>El presidente del PRSD, adem\u00e1s, hizo hincapi\u00e9 en los valores que gu\u00edan al partido: \"la libertad, la lucha por profundizar la democracia y el compromiso de incrementar los niveles de equidad mediante el fortalecimiento de la justicia social y las acciones gubernamentales\".<\/p>\n\n\n\n<p>Durante el evento, realizado en la Casa Nacional del partido, De Camps tambi\u00e9n inst\u00f3 a los delegados y miembros de la organizaci\u00f3n a trabajar incansablemente para hacer realidad la victoria en primera vuelta del presidente Abinader, que seg\u00fan dijo, ya est\u00e1 reflejada en todas las encuestas.<\/p>\n\n\n\n<p>La actividad, dirigida por la direcci\u00f3n pol\u00edtica del PRSD, cont\u00f3 con la presencia de invitados internacionales del Partido Socialista Obrero Espa\u00f1ol (PSOE).<\/p>\n\n\n","protected":false},"excerpt":{"rendered":"<p>SANTO DOMINGO. &#8211;&nbsp;El Partido Revolucionario Social Dem\u00f3crata (PRSD) oficializ\u00f3 a Luis Abinader como su candidato presidencial para las pr\u00f3ximas elecciones de mayo del 2024, en un acto en el que&hellip; <\/p>\n","protected":false},"author":2,"featured_media":5661,"comment_status":"open","ping_status":"open","sticky":false,"template":"","format":"standard","meta":{"fifu_image_url":"","fifu_image_alt":"","footnotes":""},"categories":[5],"tags":[],"class_list":["post-5660","post","type-post","status-publish","format-standard","has-post-thumbnail","hentry","category-partidos"],"_links":{"self":[{"href":"https:\/\/elmundodelapolitica.com\/v1\/wp-json\/wp\/v2\/posts\/5660","targetHints":{"allow":["GET"]}}],"collection":[{"href":"https:\/\/elmundodelapolitica.com\/v1\/wp-json\/wp\/v2\/posts"}],"about":[{"href":"https:\/\/elmundodelapolitica.com\/v1\/wp-json\/wp\/v2\/types\/post"}],"author":[{"embeddable":true,"href":"https:\/\/elmundodelapolitica.com\/v1\/wp-json\/wp\/v2\/users\/2"}],"replies":[{"embeddable":true,"href":"https:\/\/elmundodelapolitica.com\/v1\/wp-json\/wp\/v2\/comments?post=5660"}],"version-history":[{"count":1,"href":"https:\/\/elmundodelapolitica.com\/v1\/wp-json\/wp\/v2\/posts\/5660\/revisions"}],"predecessor-version":[{"id":5662,"href":"https:\/\/elmundodelapolitica.com\/v1\/wp-json\/wp\/v2\/posts\/5660\/revisions\/5662"}],"wp:featuredmedia":[{"embeddable":true,"href":"https:\/\/elmundodelapolitica.com\/v1\/wp-json\/wp\/v2\/media\/5661"}],"wp:attachment":[{"href":"https:\/\/elmundodelapolitica.com\/v1\/wp-json\/wp\/v2\/media?parent=5660"}],"wp:term":[{"taxonomy":"category","embeddable":true,"href":"https:\/\/elmundodelapolitica.com\/v1\/wp-json\/wp\/v2\/categories?post=5660"},{"taxonomy":"post_tag","embeddable":true,"href":"https:\/\/elmundodelapolitica.com\/v1\/wp-json\/wp\/v2\/tags?post=5660"}],"curies":[{"name":"wp","href":"https:\/\/api.w.org\/{rel}","templated":true}]}}