{"id":565,"date":"2019-01-28T12:22:59","date_gmt":"2019-01-28T16:22:59","guid":{"rendered":"http:\/\/www.elmundodelapolitica.com\/v2\/?p=18300"},"modified":"2019-01-28T12:22:59","modified_gmt":"2019-01-28T16:22:59","slug":"pide-aprueben-division-juntas-electorales-34-municipios-sala-administrativa-y-contenciosa","status":"publish","type":"post","link":"https:\/\/elmundodelapolitica.com\/v1\/pide-aprueben-division-juntas-electorales-34-municipios-sala-administrativa-y-contenciosa\/","title":{"rendered":"Pide aprueben divisi\u00f3n juntas electorales 34 Municipios sala administrativa y contenciosa"},"content":{"rendered":"\n<p><strong>SANTO DOMINGO.-<\/strong>El&nbsp;<strong>Tribunal Superior Electoral (TSE)<\/strong>&nbsp;pidi\u00f3 al Congreso Nacional la aprobaci\u00f3n del proyecto de ley que divide las juntas electorales de 34 municipios del pa\u00eds en dos salas, una administrativa y otra contenciosa electoral \u201cpara que se produzca una efectiva separaci\u00f3n de funciones\u201d.<\/p>\n\n\n\n<p>La informaci\u00f3n la ofreci\u00f3 el doctor Rom\u00e1n Andr\u00e9s J\u00e1quez Liranzo, presidente del TSE durante la audiencia solemne en Augusta Sala de la Suprema Corte de Justicia, con la cual celebro el s\u00e9ptimo (7mo) aniversario de ese alto tribunal.<\/p>\n\n\n\n<p>Record\u00f3 que el art\u00edculo 213 de la Constituci\u00f3n establece que las juntas electorales son las \u00fanicas que pueden conocer los asuntos contenciosos electorales, en funci\u00f3n administrativa y contenciosa, ocurridos en los municipios, descartando los juzgados ordinarios de primera instancia y los juzgados de paz.<\/p>\n\n\n\n<p>\u201cSe trata de evitar que quien administra el proceso electoral no sea el mismo que juzgue los reclamos que resulten del mismo, con respeto al principio de que no se puede ser juez y parte en un mismo proceso\u201d, manifest\u00f3 J\u00e1quez Liranzo.<\/p>\n\n\n\n<p>Dijo que la divisi\u00f3n que propone abarca solo a las juntas electorales del Distrito Nacional, los municipios cabeceras de cada provincia y los municipios de Santo Domingo Este, Norte y Oeste de la provincia Santo Domingo, \u201clos cuales tendr\u00edan categor\u00eda de tribunales electorales de primer grado\u201d.<\/p>\n\n\n\n<p>Estos tribunales \u2013agreg\u00f3- conocer\u00edan como lo establece el art\u00edculo 15 de la ley org\u00e1nica del TSE, los casos contenciosos electorales que ocurran en los dem\u00e1s municipios que integran la provincia donde funcionar\u00e1 f\u00edsicamente cada sala. Los casos de las 125 juntas electorales se conocer\u00e1n en la sala contenciosa de los municipios cabecera.<\/p>\n\n\n\n<p>Las salas contenciosas \u2013dijo J\u00e1quez Liranzo- estar\u00edan integrada por un juez y dos suplentes designados mediante concurso por el TSE, con la posibilidad de que ciudadanos, la sociedad civil y los partidos pol\u00edticos puedan hacer objeciones de los postulantes en un plazo razonable. Esos magistrados serian nombrados por cuatro a\u00f1os y solo cobrar\u00edan salario durante 15 meses, el resto del per\u00edodo trabajar\u00edan de forma honorifica. El costo ser\u00eda de $75 millones el a\u00f1o preelectoral y $75 millones el a\u00f1o electoral, inversi\u00f3n que hace econ\u00f3micamente factible la propuesta.<\/p>\n\n\n\n<p>Durante su discurso el presidente del TSE anunci\u00f3 que explora con el presidente de la Suprema Corte de Justicia la posibilidad de un acuerdo para que durante el per\u00edodo eleccionario las salas de audiencias de los Juzgados de Paz de los municipios cabecera se \u201cutilicen como los espacios para celebrar las audiencias de las salas contenciosas\u201d.<\/p>\n\n\n\n<p>A juicio del magistrado, la jurisdicci\u00f3n electoral es la que tiene los plazos m\u00e1s sensibles y fatales, porque debe conocer antes del 24 de abril, en el caso de las elecciones del 2020, todos los procesos de nulidad, impugnaciones, acciones de amparo, medidas cautelares, revisi\u00f3n de votos nulos y votos observados, entre otras situaciones.<\/p>\n\n\n\n<p><strong>Pide restablezcan competencia del TSE<\/strong><\/p>\n\n\n\n<p>Anuncio que pedir\u00e1 la modificaci\u00f3n de la Ley org\u00e1nica 29\/11 del TSE para que se le otorguen, de manera expresa las competencias omitidas a ese tribunal y que entiende deben formar parte de sus atribuciones jurisdiccionales como el \u00f3rgano contencioso de un sistema electoral desconcentrado, permanente y especializado.<br><\/p>\n","protected":false},"excerpt":{"rendered":"<p>SANTO DOMINGO.-El&nbsp;Tribunal Superior Electoral (TSE)&nbsp;pidi\u00f3 al Congreso Nacional la aprobaci\u00f3n del proyecto de ley que divide las juntas electorales de 34 municipios del pa\u00eds en dos salas, una administrativa y&hellip; <\/p>\n","protected":false},"author":2,"featured_media":566,"comment_status":"open","ping_status":"open","sticky":false,"template":"","format":"standard","meta":{"fifu_image_url":"","fifu_image_alt":"","footnotes":""},"categories":[63,57],"tags":[],"class_list":["post-565","post","type-post","status-publish","format-standard","has-post-thumbnail","hentry","category-actualidad","category-noticias-destacadas"],"_links":{"self":[{"href":"https:\/\/elmundodelapolitica.com\/v1\/wp-json\/wp\/v2\/posts\/565","targetHints":{"allow":["GET"]}}],"collection":[{"href":"https:\/\/elmundodelapolitica.com\/v1\/wp-json\/wp\/v2\/posts"}],"about":[{"href":"https:\/\/elmundodelapolitica.com\/v1\/wp-json\/wp\/v2\/types\/post"}],"author":[{"embeddable":true,"href":"https:\/\/elmundodelapolitica.com\/v1\/wp-json\/wp\/v2\/users\/2"}],"replies":[{"embeddable":true,"href":"https:\/\/elmundodelapolitica.com\/v1\/wp-json\/wp\/v2\/comments?post=565"}],"version-history":[{"count":0,"href":"https:\/\/elmundodelapolitica.com\/v1\/wp-json\/wp\/v2\/posts\/565\/revisions"}],"wp:featuredmedia":[{"embeddable":true,"href":"https:\/\/elmundodelapolitica.com\/v1\/wp-json\/wp\/v2\/media\/566"}],"wp:attachment":[{"href":"https:\/\/elmundodelapolitica.com\/v1\/wp-json\/wp\/v2\/media?parent=565"}],"wp:term":[{"taxonomy":"category","embeddable":true,"href":"https:\/\/elmundodelapolitica.com\/v1\/wp-json\/wp\/v2\/categories?post=565"},{"taxonomy":"post_tag","embeddable":true,"href":"https:\/\/elmundodelapolitica.com\/v1\/wp-json\/wp\/v2\/tags?post=565"}],"curies":[{"name":"wp","href":"https:\/\/api.w.org\/{rel}","templated":true}]}}