{"id":5638,"date":"2023-10-30T17:19:15","date_gmt":"2023-10-30T21:19:15","guid":{"rendered":"https:\/\/elmundodelapolitica.com\/v1\/?p=5638"},"modified":"2023-10-30T17:19:16","modified_gmt":"2023-10-30T21:19:16","slug":"foro-de-asuntos-sociales-unphu-cronograma-de-la-busqueda-de-soluciones-ante-problematica-con-haiti-desde-la-academia","status":"publish","type":"post","link":"https:\/\/elmundodelapolitica.com\/v1\/foro-de-asuntos-sociales-unphu-cronograma-de-la-busqueda-de-soluciones-ante-problematica-con-haiti-desde-la-academia\/","title":{"rendered":"Foro de Asuntos Sociales\u00a0UNPHU. Cronograma de la b\u00fasqueda de soluciones ante problem\u00e1tica con\u00a0Hait\u00ed, desde la academia"},"content":{"rendered":"\n<p>La Universidad Nacional Pedro Henr\u00edquez Ure\u00f1a, viene trabajando desde el&nbsp;22 de julio de 2022, en la problem\u00e1tica haitiana, mediante el lanzamiento del Foro UNPHU de Asuntos Sociales.&nbsp;<strong>Ya son<\/strong>&nbsp;<strong>cinco los foros realizados<\/strong>&nbsp;con lo que se busca contribuir a la soluci\u00f3n de los problemas sociales que afectan de manera directa e indirecta a la naci\u00f3n dominicana, mediante una visi\u00f3n acad\u00e9mica con proyecci\u00f3n al presente y miras hacia el futuro, en la que impere la apertura democr\u00e1tica.<\/p>\n\n\n\n<p>Desde la creaci\u00f3n de este proyecto de asuntos sociales, se propuso como tema principal el an\u00e1lisis de la situaci\u00f3n que presenta Rep\u00fablica Dominicana ante el vecino pa\u00eds. Desde un inicio se conform\u00f3 una mesa de discusi\u00f3n con el tema: Presente y futuro de las relaciones con Hait\u00ed, los desaf\u00edos de una buena vecindad; que ha generado un inter\u00e9s por parte de acad\u00e9micos, ambientalistas, pol\u00edticos, escritores, periodistas, arquitectos y expertos en temas fronterizos. Ello ha dado lugar al debate en busca de soluciones a la problem\u00e1tica existente, desde su origen en la \u00e9poca colonial, hasta la actualidad.<\/p>\n\n\n\n<p>La primera jornada inici\u00f3 el 19 de enero de 2023, con el seminario Presente y Futuro de las Relaciones con Hait\u00ed. Los desaf\u00edos de una buena vecindad. En esa ocasi\u00f3n se debatieron a profundidad las relaciones dominico-haitianas, haciendo \u00e9nfasis en los siguientes temas: La crisis interna haitiana y su impacto en el pa\u00eds y en el \u00e1mbito subregional; los desaf\u00edos presentes y futuros de la inmigraci\u00f3n y la inestabilidad social y pol\u00edtica haitiana; consecuencias econ\u00f3micas de la masiva inmigraci\u00f3n ilegal en el empleo y el sistema de la Seguridad Social; la inmigraci\u00f3n ilegal y la marginalidad urbana. En esta jornada participaron&nbsp;los historiadores Miguel Reyes S\u00e1nchez, Jos\u00e9 Miguel Soto Jim\u00e9nez y Jos\u00e9 Chez Checo. En la sesi\u00f3n de la tarde participaron Miguel Guerrero y Reynaldo Espinal; as\u00ed como el dirigente pol\u00edtico Pelegr\u00edn Castillo y el soci\u00f3logo Wilfredo Lozano, director del Instituto Nacional de Migraci\u00f3n.&nbsp;<\/p>\n\n\n\n<p>Las palabras de bienvenida fueron ofrecidas por el rector Arq. Miguel Fiallo Calder\u00f3n, quien indic\u00f3 que la situaci\u00f3n desesperada de Hait\u00ed requiere de acciones decididas y efectivas de la comunidad internacional y su complejo entramado de gobiernos, organismos y organizaciones; coincidiendo con la opini\u00f3n de los expositores. El&nbsp;cierre del foro fue realizado por el presidente de la Fundaci\u00f3n Universitaria Pedro Henr\u00edquez Ure\u00f1a, Arq. Ra\u00fal De Moya Espa\u00f1ol, quien expres\u00f3: \u201cLa Fundaci\u00f3n Universitaria Pedro Henr\u00edquez Ure\u00f1a (FUDPHU), tiene el compromiso de colaborar con la sociedad, y la UNPHU, como academia, tiene que buscar la verdad por encima de sus propias convicciones\u201d. De igual manera declar\u00f3 abierto y permanente el espacio, y dijo que lo que se busca es generar acciones beneficiosas para la situaci\u00f3n.<\/p>\n\n\n\n<p>La segunda edici\u00f3n&nbsp;tuvo lugar el 22 de febrero de 2023, y&nbsp;dio continuidad al tema de las relaciones dominico-haitianas. Este encuentro tuvo como finalidad arrojar respuestas que condujeran a formulaciones beneficiosas a la b\u00fasqueda de soluciones, tanto desde la audiencia presente como de los expertos.<\/p>\n\n\n\n<p>En el debate participaron los Sres. Wilfredo Lozano, Jos\u00e9 Chez Checo, Miguel Guerrero, Nelson Rodr\u00edguez, Enmanuel Castillo, Franklin Dom\u00ednguez, Juan Daniel Balc\u00e1cer, Persio Maldonado, Nilo de la Rosa y Fernando P\u00e9rez Mem\u00e9n. Por parte de la UNPHU, estuvieron el Arq. Omar Rancier, decano de la Facultad de Arquitectura y Artes; el Dr. Leonardo Conde, decano de la Facultad de Ciencias Econ\u00f3micas y Sociales y el posteriormente fallecido, Dr. Juan Alfredo Biaggi Lama, entonces decano de la Facultad de Ciencias Jur\u00eddicas y Pol\u00edticas<\/p>\n\n\n\n<p>Posteriormente, el 17 de marzo de 2023, la universidad se traslad\u00f3 hasta la zona fronteriza del pa\u00eds, en el municipio Restauraci\u00f3n, de la provincia de Dajab\u00f3n, para continuar con el an\u00e1lisis y debate. Con la actividad, la UNPHU ratific\u00f3 el apoyo a la convocatoria hecha por el presidente de la Rep\u00fablica Dominicana, Lcdo. Luis Abinader &nbsp;en esos d\u00edas; aunando esfuerzos en el \u00e1mbito acad\u00e9mico, con los del gobierno y otras fuerzas del \u00e1mbito nacional que muestran preocupaci\u00f3n y exploran posibles soluciones conjuntas a la problem\u00e1tica existente con el vecino pa\u00eds. En esta jornada, estuvieron presentes los decanos, Dr. Leonardo Conde y el Arq. Omar Rancier. En el conversatorio particip\u00f3 el director del Foro UNPHU de Estudios Sociales, Miguel Guerrero, as\u00ed como personalidades destacadas de la provincia de Dajab\u00f3n.<\/p>\n\n\n\n<figure class=\"wp-block-image size-large\"><img loading=\"lazy\" decoding=\"async\" width=\"1024\" height=\"576\" src=\"https:\/\/elmundodelapolitica.com\/v1\/wp-content\/uploads\/2023\/10\/0-5-1024x576.jpg\" alt=\"\" class=\"wp-image-5639\" srcset=\"https:\/\/elmundodelapolitica.com\/v1\/wp-content\/uploads\/2023\/10\/0-5-1024x576.jpg 1024w, https:\/\/elmundodelapolitica.com\/v1\/wp-content\/uploads\/2023\/10\/0-5-300x169.jpg 300w, https:\/\/elmundodelapolitica.com\/v1\/wp-content\/uploads\/2023\/10\/0-5-768x432.jpg 768w, https:\/\/elmundodelapolitica.com\/v1\/wp-content\/uploads\/2023\/10\/0-5-1536x865.jpg 1536w, https:\/\/elmundodelapolitica.com\/v1\/wp-content\/uploads\/2023\/10\/0-5.jpg 1597w\" sizes=\"auto, (max-width: 1024px) 100vw, 1024px\" \/><\/figure>\n","protected":false},"excerpt":{"rendered":"<p>La Universidad Nacional Pedro Henr\u00edquez Ure\u00f1a, viene trabajando desde el&nbsp;22 de julio de 2022, en la problem\u00e1tica haitiana, mediante el lanzamiento del Foro UNPHU de Asuntos Sociales.&nbsp;Ya son&nbsp;cinco los foros&hellip; <\/p>\n","protected":false},"author":2,"featured_media":5639,"comment_status":"open","ping_status":"open","sticky":false,"template":"","format":"standard","meta":{"fifu_image_url":"","fifu_image_alt":"","footnotes":""},"categories":[45],"tags":[],"class_list":["post-5638","post","type-post","status-publish","format-standard","has-post-thumbnail","hentry","category-relaciones-internacionales"],"_links":{"self":[{"href":"https:\/\/elmundodelapolitica.com\/v1\/wp-json\/wp\/v2\/posts\/5638","targetHints":{"allow":["GET"]}}],"collection":[{"href":"https:\/\/elmundodelapolitica.com\/v1\/wp-json\/wp\/v2\/posts"}],"about":[{"href":"https:\/\/elmundodelapolitica.com\/v1\/wp-json\/wp\/v2\/types\/post"}],"author":[{"embeddable":true,"href":"https:\/\/elmundodelapolitica.com\/v1\/wp-json\/wp\/v2\/users\/2"}],"replies":[{"embeddable":true,"href":"https:\/\/elmundodelapolitica.com\/v1\/wp-json\/wp\/v2\/comments?post=5638"}],"version-history":[{"count":1,"href":"https:\/\/elmundodelapolitica.com\/v1\/wp-json\/wp\/v2\/posts\/5638\/revisions"}],"predecessor-version":[{"id":5640,"href":"https:\/\/elmundodelapolitica.com\/v1\/wp-json\/wp\/v2\/posts\/5638\/revisions\/5640"}],"wp:featuredmedia":[{"embeddable":true,"href":"https:\/\/elmundodelapolitica.com\/v1\/wp-json\/wp\/v2\/media\/5639"}],"wp:attachment":[{"href":"https:\/\/elmundodelapolitica.com\/v1\/wp-json\/wp\/v2\/media?parent=5638"}],"wp:term":[{"taxonomy":"category","embeddable":true,"href":"https:\/\/elmundodelapolitica.com\/v1\/wp-json\/wp\/v2\/categories?post=5638"},{"taxonomy":"post_tag","embeddable":true,"href":"https:\/\/elmundodelapolitica.com\/v1\/wp-json\/wp\/v2\/tags?post=5638"}],"curies":[{"name":"wp","href":"https:\/\/api.w.org\/{rel}","templated":true}]}}