{"id":5633,"date":"2023-10-30T17:14:34","date_gmt":"2023-10-30T21:14:34","guid":{"rendered":"https:\/\/elmundodelapolitica.com\/v1\/?p=5633"},"modified":"2023-10-30T17:14:35","modified_gmt":"2023-10-30T21:14:35","slug":"reactiva-ministerio-trabajo-mesa-tripartita-normas-internacionales","status":"publish","type":"post","link":"https:\/\/elmundodelapolitica.com\/v1\/reactiva-ministerio-trabajo-mesa-tripartita-normas-internacionales\/","title":{"rendered":"Reactiva Ministerio Trabajo mesa tripartita normas internacionales\u00a0"},"content":{"rendered":"\n<p><strong>Santo Domingo<\/strong>, R.D. Octubre 2023.-&nbsp;El Ministerio de Trabajo anunci\u00f3 la firma del Acuerdo y el Reglamento para la reactivaci\u00f3n de la Mesa Tripartita y el Tratamiento de Temas Relativos a las Normas Internacionales del Trabajo.<\/p>\n\n\n\n<p>El ministro de Trabajo, Luis Miguel De Camps Garc\u00eda, expres\u00f3 que esta mesa tendr\u00e1 dentro de sus objetivos el an\u00e1lisis y discusi\u00f3n del cumplimientos de los Convenios de la Organizaci\u00f3n Internacional del Trabajo (OIT), ratificados por la Rep\u00fablica Dominicana, con \u00e9nfasis en los Convenios fundamentales 87, 98, 100, 138, 182, 29, 105 y 187, y de gobernanza 81, 122 y 144.<\/p>\n\n\n\n<p>De Camps, expres\u00f3que con la reactivaci\u00f3n de la mesa tripartita se busca continuar con las soluciones viables en la implementaci\u00f3n de mejoras en pro de la sociedad dominicana y ante las nuevas realidades en empleo, en trabajo y en seguridad social.<\/p>\n\n\n\n<p>Resalt\u00f3, que esta&nbsp;gesti\u00f3n ha tomado como referente la meta de construir consensos viables, que garanticen los derechos de los trabajadores y la sostenibilidad de las empresas.<\/p>\n\n\n\n<p>\u201cEsta gesti\u00f3n del presidente Luis Abinader se ha caracterizado por propiciar un proceso de di\u00e1logo social constante, que ha sido fortalecido y enriquecido por la clara madurez de sus actores\u201d, precis\u00f3 De Camps.<\/p>\n\n\n\n<p>En tanto, Gabriel Del R\u00edo Do\u00f1\u00e9, representante del sector sindical, manifest\u00f3 que esta firma es una prueba digna de la preocupaci\u00f3n del ministro de Trabajo de que los acuerdos se reactiven y espera que los mismos se conviertan en un paso m\u00e1s para fortalecer el sistema democr\u00e1tico de la Rep\u00fablica Dominicana.<\/p>\n\n\n\n<p>Asimismo, Julio Brache, en representaci\u00f3n de los empleadores, expres\u00f3 que la reactivaci\u00f3n de la mesa tripartita, demuestra la estabilidad y el deseo de trabajar juntos por una Rep\u00fablica Dominicana donde haya un ambiente laboral de paz, que permita que las inversiones que se realicen prosperen en un ambiente de tranquilidad.<\/p>\n\n\n\n<p>De su lado,&nbsp;Juan Felipe Hunt, director de la Oficina de la OIT para Am\u00e9rica Central, Hait\u00ed, Panam\u00e1 y Rep\u00fablica Dominicana, dijo que&nbsp;el Gobierno, representado por el Ministerio de Trabajo, as\u00ed como las organizaciones de empleadores y de los trabajadores, son las columnas principales que sustentan a la OIT y que es un orgullo para la instituci\u00f3n que representa ser testigos de la reactivaci\u00f3n de esta mesa tripartita.<\/p>\n\n\n\n<figure class=\"wp-block-image size-large\"><img loading=\"lazy\" decoding=\"async\" width=\"1024\" height=\"682\" src=\"https:\/\/elmundodelapolitica.com\/v1\/wp-content\/uploads\/2023\/10\/0-4-1024x682.jpg\" alt=\"\" class=\"wp-image-5634\" srcset=\"https:\/\/elmundodelapolitica.com\/v1\/wp-content\/uploads\/2023\/10\/0-4-1024x682.jpg 1024w, https:\/\/elmundodelapolitica.com\/v1\/wp-content\/uploads\/2023\/10\/0-4-300x200.jpg 300w, https:\/\/elmundodelapolitica.com\/v1\/wp-content\/uploads\/2023\/10\/0-4-768x512.jpg 768w, https:\/\/elmundodelapolitica.com\/v1\/wp-content\/uploads\/2023\/10\/0-4.jpg 1379w\" sizes=\"auto, (max-width: 1024px) 100vw, 1024px\" \/><\/figure>\n","protected":false},"excerpt":{"rendered":"<p>Santo Domingo, R.D. Octubre 2023.-&nbsp;El Ministerio de Trabajo anunci\u00f3 la firma del Acuerdo y el Reglamento para la reactivaci\u00f3n de la Mesa Tripartita y el Tratamiento de Temas Relativos a&hellip; <\/p>\n","protected":false},"author":2,"featured_media":5634,"comment_status":"open","ping_status":"open","sticky":false,"template":"","format":"standard","meta":{"fifu_image_url":"","fifu_image_alt":"","footnotes":""},"categories":[22],"tags":[],"class_list":["post-5633","post","type-post","status-publish","format-standard","has-post-thumbnail","hentry","category-gerencia"],"_links":{"self":[{"href":"https:\/\/elmundodelapolitica.com\/v1\/wp-json\/wp\/v2\/posts\/5633","targetHints":{"allow":["GET"]}}],"collection":[{"href":"https:\/\/elmundodelapolitica.com\/v1\/wp-json\/wp\/v2\/posts"}],"about":[{"href":"https:\/\/elmundodelapolitica.com\/v1\/wp-json\/wp\/v2\/types\/post"}],"author":[{"embeddable":true,"href":"https:\/\/elmundodelapolitica.com\/v1\/wp-json\/wp\/v2\/users\/2"}],"replies":[{"embeddable":true,"href":"https:\/\/elmundodelapolitica.com\/v1\/wp-json\/wp\/v2\/comments?post=5633"}],"version-history":[{"count":1,"href":"https:\/\/elmundodelapolitica.com\/v1\/wp-json\/wp\/v2\/posts\/5633\/revisions"}],"predecessor-version":[{"id":5635,"href":"https:\/\/elmundodelapolitica.com\/v1\/wp-json\/wp\/v2\/posts\/5633\/revisions\/5635"}],"wp:featuredmedia":[{"embeddable":true,"href":"https:\/\/elmundodelapolitica.com\/v1\/wp-json\/wp\/v2\/media\/5634"}],"wp:attachment":[{"href":"https:\/\/elmundodelapolitica.com\/v1\/wp-json\/wp\/v2\/media?parent=5633"}],"wp:term":[{"taxonomy":"category","embeddable":true,"href":"https:\/\/elmundodelapolitica.com\/v1\/wp-json\/wp\/v2\/categories?post=5633"},{"taxonomy":"post_tag","embeddable":true,"href":"https:\/\/elmundodelapolitica.com\/v1\/wp-json\/wp\/v2\/tags?post=5633"}],"curies":[{"name":"wp","href":"https:\/\/api.w.org\/{rel}","templated":true}]}}