{"id":5619,"date":"2023-10-30T17:04:12","date_gmt":"2023-10-30T21:04:12","guid":{"rendered":"https:\/\/elmundodelapolitica.com\/v1\/?p=5619"},"modified":"2023-10-30T17:04:14","modified_gmt":"2023-10-30T21:04:14","slug":"melo-es-proclamado-candidato-alcaldia-prm","status":"publish","type":"post","link":"https:\/\/elmundodelapolitica.com\/v1\/melo-es-proclamado-candidato-alcaldia-prm\/","title":{"rendered":"Melo es proclamado candidato alcald\u00eda PRM"},"content":{"rendered":"\n<p><strong>San Pedro de Macoris<\/strong>, R.D. Octubre 2023.-&nbsp;En presencia de&nbsp;miles de dirigentes del partido Revolucionario Moderno (PRM), fue proclamado como candidato a la alcald\u00eda por el Distrito Municipal de Quisqueya, Carlos Melo junto a otros dirigentes del partido.<\/p>\n\n\n\n<p>&nbsp;Al ser proclamado el candidato oficial por el PRM, Carlos Melo, se comprometi\u00f3 a seguir trabajando por su comunidad y seguir la obra del presidente Luis Abinader.<\/p>\n\n\n\n<p>Asimismo,&nbsp;&nbsp;el candidato a la alcald\u00eda, motiv\u00f3 a la juventud y la dirigencia pol\u00edtica a seguir apostando al cambio y a la transparencia, a continuar en el camino que garantiza el gobierno del actual presidente.<\/p>\n\n\n\n<p>&nbsp;\u201cNo podemos volver a lo mismo, el pa\u00eds necesita seguir en el rumbo de la transparencia y la igualdad para todos,necesitamos seguir comprometidos por un pa\u00eds que merecemos\u201d, puntualiz\u00f3.<\/p>\n\n\n\n<p>En el acto de proclamaci\u00f3n,&nbsp;&nbsp;estuvieron presentes los regidores, Tania Santos, Nixon Vigojo, Artajelis y Vicente de Jes\u00fas, conocido como Chencho.&nbsp;<\/p>\n\n\n\n<p>El evento&nbsp;&nbsp;cont\u00f3 la presencia de:&nbsp;&nbsp;la candidata a senadora, Aracelis Villanueva, el alcalde, Richard Montilla, Elvis Orti, Ramon Garcia, Chiqui Baez, Johnny Bombolo , Dorito Mena y Nelson Arroyo, vicepresidente nacional del PRM.<\/p>\n\n\n\n<p>Tambi\u00e9n cont\u00f3&nbsp;con la destacada presentaci\u00f3n del l\u00edder municipalista y presidente del Movimiento Ciudadano Poder Municipal, Pedro Richarson.<\/p>\n\n\n\n<p>El multitudinario acto se desarroll\u00f3 en el sal\u00f3n&nbsp;&nbsp;multiuso de Quisqueya, escenario donde Carlos Melo, agradeci\u00f3&nbsp;&nbsp;a su pueblo natal por el apoyo a su proyecto&nbsp;pol\u00edtico.<\/p>\n\n\n\n<figure class=\"wp-block-image size-large\"><img loading=\"lazy\" decoding=\"async\" width=\"1024\" height=\"768\" src=\"https:\/\/elmundodelapolitica.com\/v1\/wp-content\/uploads\/2023\/10\/0-1-1024x768.jpg\" alt=\"\" class=\"wp-image-5620\" srcset=\"https:\/\/elmundodelapolitica.com\/v1\/wp-content\/uploads\/2023\/10\/0-1-1024x768.jpg 1024w, https:\/\/elmundodelapolitica.com\/v1\/wp-content\/uploads\/2023\/10\/0-1-300x225.jpg 300w, https:\/\/elmundodelapolitica.com\/v1\/wp-content\/uploads\/2023\/10\/0-1-768x576.jpg 768w, https:\/\/elmundodelapolitica.com\/v1\/wp-content\/uploads\/2023\/10\/0-1.jpg 1283w\" sizes=\"auto, (max-width: 1024px) 100vw, 1024px\" \/><\/figure>\n","protected":false},"excerpt":{"rendered":"<p>San Pedro de Macoris, R.D. Octubre 2023.-&nbsp;En presencia de&nbsp;miles de dirigentes del partido Revolucionario Moderno (PRM), fue proclamado como candidato a la alcald\u00eda por el Distrito Municipal de Quisqueya, Carlos&hellip; <\/p>\n","protected":false},"author":2,"featured_media":5620,"comment_status":"open","ping_status":"open","sticky":false,"template":"","format":"standard","meta":{"fifu_image_url":"","fifu_image_alt":"","footnotes":""},"categories":[5],"tags":[],"class_list":["post-5619","post","type-post","status-publish","format-standard","has-post-thumbnail","hentry","category-partidos"],"_links":{"self":[{"href":"https:\/\/elmundodelapolitica.com\/v1\/wp-json\/wp\/v2\/posts\/5619","targetHints":{"allow":["GET"]}}],"collection":[{"href":"https:\/\/elmundodelapolitica.com\/v1\/wp-json\/wp\/v2\/posts"}],"about":[{"href":"https:\/\/elmundodelapolitica.com\/v1\/wp-json\/wp\/v2\/types\/post"}],"author":[{"embeddable":true,"href":"https:\/\/elmundodelapolitica.com\/v1\/wp-json\/wp\/v2\/users\/2"}],"replies":[{"embeddable":true,"href":"https:\/\/elmundodelapolitica.com\/v1\/wp-json\/wp\/v2\/comments?post=5619"}],"version-history":[{"count":1,"href":"https:\/\/elmundodelapolitica.com\/v1\/wp-json\/wp\/v2\/posts\/5619\/revisions"}],"predecessor-version":[{"id":5621,"href":"https:\/\/elmundodelapolitica.com\/v1\/wp-json\/wp\/v2\/posts\/5619\/revisions\/5621"}],"wp:featuredmedia":[{"embeddable":true,"href":"https:\/\/elmundodelapolitica.com\/v1\/wp-json\/wp\/v2\/media\/5620"}],"wp:attachment":[{"href":"https:\/\/elmundodelapolitica.com\/v1\/wp-json\/wp\/v2\/media?parent=5619"}],"wp:term":[{"taxonomy":"category","embeddable":true,"href":"https:\/\/elmundodelapolitica.com\/v1\/wp-json\/wp\/v2\/categories?post=5619"},{"taxonomy":"post_tag","embeddable":true,"href":"https:\/\/elmundodelapolitica.com\/v1\/wp-json\/wp\/v2\/tags?post=5619"}],"curies":[{"name":"wp","href":"https:\/\/api.w.org\/{rel}","templated":true}]}}