{"id":561,"date":"2019-02-12T12:59:45","date_gmt":"2019-02-12T16:59:45","guid":{"rendered":"http:\/\/www.elmundodelapolitica.com\/v2\/?p=18374"},"modified":"2019-02-12T12:59:45","modified_gmt":"2019-02-12T16:59:45","slug":"ofrecera-proindustria-capacitacion-gratis-industriales-y-emprendedores","status":"publish","type":"post","link":"https:\/\/elmundodelapolitica.com\/v1\/ofrecera-proindustria-capacitacion-gratis-industriales-y-emprendedores\/","title":{"rendered":"Ofrecer\u00e1 PROINDUSTRIA capacitacion gratis industriales y emprendedores"},"content":{"rendered":"\n<p><strong>SANTO DOMINGO<\/strong>.-&nbsp;Con el objetivo de incrementar la productividad, la calidad y la gesti\u00f3n empresarial de las industrias, el Centro de Desarrollo y Competitividad Industrial -PROINDUSTRIA- a trav\u00e9s de la Direcci\u00f3n de Servicios de Apoyo a la Industria, contin\u00faa ofreciendo capacitaciones a Industriales y Emprendedores totalmente gratis.<\/p>\n\n\n\n<p>Los cursos ofrecidos por&nbsp;la Divisi\u00f3n de Fomento a la Innovaci\u00f3n,&nbsp;forman parte del&nbsp;<strong>Programa Nacional de Capacitaci\u00f3n para la Industria Manufacturera<\/strong>, y ser\u00e1n impartidos por facilitadores expertos del Instituto Nacional de Formaci\u00f3n T\u00e9cnico Profesional (INFOTEP) y est\u00e1n dirigidos a&nbsp;representantes de Industrias Manufactureras.&nbsp;<\/p>\n\n\n\n<p>En el mes de febrero ser\u00e1n ofrecidos los cursos&nbsp;Calidad y Productividad, Buenas Pr\u00e1cticas de Manufactura, Introducci\u00f3n a la Norma ISO 9001-2015 y An\u00e1lisis de Costos de Producci\u00f3n.<\/p>\n\n\n\n<p>Mientras que en marzo se ofertan&nbsp;Seguridad Industrial e Higiene Ocupacional, Auditor Interno en la Norma ISO 9001- 2015, Primera Parte, Gesti\u00f3n de Almac\u00e9n y T\u00e9cnicas de Control de Inventarios y&nbsp;Calidad Total<\/p>\n\n\n\n<p>Desde la&nbsp;<strong>Divisi\u00f3n de Incubaci\u00f3n y Aceleraci\u00f3n<\/strong>,&nbsp;con el prop\u00f3sito de brindar apoyo y herramientas para que los emprendedores pongan en marcha sus ideas o proyectos de negocios de una manera exitosa, en el mes de febrero ser\u00e1 impartido un taller de&nbsp;<strong>Elevator Pitch<\/strong>,&nbsp;en la Sede Central de PROINDUSTRIA, dirigido a emprendedores con el objetivo de ense\u00f1arles c\u00f3mo preparar una presentaci\u00f3n efectiva a trav\u00e9s de un modelo para construir presentaciones exitosas.<\/p>\n\n\n\n<p><strong>Tambi\u00e9n ser\u00e1 ofertado un Taller de Modelos de Negocios<\/strong>, que se impartir\u00e1 en la Universidad Abierta para Adultos, UAPA, recinto Santiago, el 22 de febrero de 2019. Este Taller tiene como objetivo entregar una herramienta que les permita encontrar nuevas formas de crear y capturar valor para la empresa ya sea mediante l\u00edneas de negocios existentes o nuevas, disminuyendo errores estrat\u00e9gicos y costos durante el proceso utilizando la metodolog\u00eda Canvas.<\/p>\n\n\n\n<p>Las capacitaciones son libres de costo.&nbsp;Para informaci\u00f3n y reserva de cupo sobre nuestros pr\u00f3ximos cursos, pueden comunicarse al tel\u00e9fono&nbsp;<strong>809-530-0010 Ext.: 315, 418 y 239.<\/strong><\/p>\n","protected":false},"excerpt":{"rendered":"<p>SANTO DOMINGO.-&nbsp;Con el objetivo de incrementar la productividad, la calidad y la gesti\u00f3n empresarial de las industrias, el Centro de Desarrollo y Competitividad Industrial -PROINDUSTRIA- a trav\u00e9s de la Direcci\u00f3n&hellip; <\/p>\n","protected":false},"author":2,"featured_media":562,"comment_status":"open","ping_status":"open","sticky":false,"template":"","format":"standard","meta":{"fifu_image_url":"","fifu_image_alt":"","footnotes":""},"categories":[63,57],"tags":[],"class_list":["post-561","post","type-post","status-publish","format-standard","has-post-thumbnail","hentry","category-actualidad","category-noticias-destacadas"],"_links":{"self":[{"href":"https:\/\/elmundodelapolitica.com\/v1\/wp-json\/wp\/v2\/posts\/561","targetHints":{"allow":["GET"]}}],"collection":[{"href":"https:\/\/elmundodelapolitica.com\/v1\/wp-json\/wp\/v2\/posts"}],"about":[{"href":"https:\/\/elmundodelapolitica.com\/v1\/wp-json\/wp\/v2\/types\/post"}],"author":[{"embeddable":true,"href":"https:\/\/elmundodelapolitica.com\/v1\/wp-json\/wp\/v2\/users\/2"}],"replies":[{"embeddable":true,"href":"https:\/\/elmundodelapolitica.com\/v1\/wp-json\/wp\/v2\/comments?post=561"}],"version-history":[{"count":0,"href":"https:\/\/elmundodelapolitica.com\/v1\/wp-json\/wp\/v2\/posts\/561\/revisions"}],"wp:featuredmedia":[{"embeddable":true,"href":"https:\/\/elmundodelapolitica.com\/v1\/wp-json\/wp\/v2\/media\/562"}],"wp:attachment":[{"href":"https:\/\/elmundodelapolitica.com\/v1\/wp-json\/wp\/v2\/media?parent=561"}],"wp:term":[{"taxonomy":"category","embeddable":true,"href":"https:\/\/elmundodelapolitica.com\/v1\/wp-json\/wp\/v2\/categories?post=561"},{"taxonomy":"post_tag","embeddable":true,"href":"https:\/\/elmundodelapolitica.com\/v1\/wp-json\/wp\/v2\/tags?post=561"}],"curies":[{"name":"wp","href":"https:\/\/api.w.org\/{rel}","templated":true}]}}