{"id":5605,"date":"2023-10-28T01:03:00","date_gmt":"2023-10-28T05:03:00","guid":{"rendered":"https:\/\/elmundodelapolitica.com\/v1\/?p=5605"},"modified":"2023-10-28T01:03:00","modified_gmt":"2023-10-28T05:03:00","slug":"resumen-resco-lanza-soluciones-moviles-para-la-microsoft-power-platform","status":"publish","type":"post","link":"https:\/\/elmundodelapolitica.com\/v1\/resumen-resco-lanza-soluciones-moviles-para-la-microsoft-power-platform\/","title":{"rendered":"Resumen: Resco lanza soluciones m\u00f3viles para la Microsoft Power Platform"},"content":{"rendered":"<p>BOSTON y BRATISLAVA, Eslovaquia&#8211;(BUSINESS WIRE)&#8211;Resco, empresa pionera en tecnolog\u00eda m\u00f3vil con a\u00f1os de experiencia en soluciones de movilidad empresarial multiplataforma, ofrece lo mejor de su cartera a Microsoft Power Platform. Resco Forms+, Resco Docs+ y Resco Steps+ est\u00e1n dise\u00f1ados para agilizar el desarrollo de aplicaciones empresariales en Power Platform que abordan retos esenciales relacionados con la captaci\u00f3n de datos, el intercambio de conocimientos y la generaci\u00f3n de documentos.<br \/>\nResco contribuye a que el mundo trabaje mejor fuera de la oficina facilitando la creaci\u00f3n de experiencias m\u00f3viles complejas para los trabajadores de primera l\u00ednea. Estos representan el 80 % de la poblaci\u00f3n activa, es decir, unos 2.000 millones de trabajadores a nivel mundial.<br \/>\nEl comunicado en el idioma original es la versi\u00f3n oficial y autorizada del mismo. Esta traducci\u00f3n es solamente un medio de ayuda y deber\u00e1 ser comparada con el texto en idioma original, que es la \u00fanica versi\u00f3n del texto que tendr\u00e1 validez legal. Contacts<br \/>\nIveta Timkovicova, responsable de marca, iveta.timkovicova@resco.net<\/p>\n","protected":false},"excerpt":{"rendered":"<div>\n<p>BOSTON y BRATISLAVA, Eslovaquia&#8211;(BUSINESS WIRE)&#8211;<b>Resco, empresa pionera en tecnolog\u00eda m\u00f3vil con a\u00f1os de experiencia en soluciones de movilidad empresarial multiplataforma, ofrece lo mejor de su cartera a Microsoft Power Platform. Resco Forms+, Resco Docs+ y Resco Steps+ est\u00e1n dise\u00f1ados para agilizar el desarrollo de aplicaciones empresariales en Power Platform que abordan retos esenciales relacionados con la captaci\u00f3n de datos, el intercambio de conocimientos y la generaci\u00f3n de documentos.<\/b><\/p>\n<p><a href=\"https:\/\/mms.businesswire.com\/media\/20231026189683\/es\/1926671\/5\/resco-solutions-for-power-platform.jpg\"><img decoding=\"async\" src=\"https:\/\/mms.businesswire.com\/media\/20231026189683\/es\/1926671\/21\/resco-solutions-for-power-platform.jpg\"><\/a><br \/><a href=\"https:\/\/mms.businesswire.com\/media\/20231026189683\/es\/1926671\/5\/resco-solutions-for-power-platform.jpg\"><img decoding=\"async\" src=\"https:\/\/mms.businesswire.com\/media\/20231026189683\/es\/1926671\/22\/resco-solutions-for-power-platform.jpg\"><\/a><br \/><a href=\"https:\/\/mms.businesswire.com\/media\/20231026189683\/es\/1926670\/5\/resco-logo.jpg\"><img decoding=\"async\" src=\"https:\/\/mms.businesswire.com\/media\/20231026819388\/en\/1926670\/21\/resco-logo.jpg\"><\/a><br \/><a href=\"https:\/\/mms.businesswire.com\/media\/20231026189683\/es\/1926670\/5\/resco-logo.jpg\"><img decoding=\"async\" src=\"https:\/\/mms.businesswire.com\/media\/20231026189683\/es\/1926670\/22\/resco-logo.jpg\"><\/a><\/p>\n<p>\nResco contribuye a que el mundo trabaje mejor fuera de la oficina facilitando la creaci\u00f3n de experiencias m\u00f3viles complejas para los trabajadores de primera l\u00ednea. Estos representan el <a target=\"_blank\" href=\"https:\/\/cts.businesswire.com\/ct\/CT?id=smartlink&amp;url=https%3A%2F%2Fwww.microsoft.com%2Fen-us%2Fmicrosoft-365%2Fbusiness-insights-ideas%2Fresources%2Fwhat-is-a-frontline-worker&amp;esheet=53694535&amp;newsitemid=20231026189683&amp;lan=es-ES&amp;anchor=80+%25+de+la+poblaci%26oacute%3Bn+activa&amp;index=1&amp;md5=77c2e6e9116fec0592e07287f79a4586\" rel=\"nofollow noopener\">80 % de la poblaci\u00f3n activa<\/a>, es decir, unos 2.000 millones de trabajadores a nivel mundial.<\/p>\n<p>\nEl comunicado en el idioma original es la versi\u00f3n oficial y autorizada del mismo. Esta traducci\u00f3n es solamente un medio de ayuda y deber\u00e1 ser comparada con el texto en idioma original, que es la \u00fanica versi\u00f3n del texto que tendr\u00e1 validez legal.<\/p>\n<p> <b>Contacts<\/b> <\/p>\n<p>\nIveta Timkovicova, responsable de marca, <a target=\"_blank\" href=\"mailto:iveta.timkovicova@resco.net\" rel=\"nofollow noopener\">iveta.timkovicova@resco.net<\/a><\/p>\n<\/div>\n","protected":false},"author":2,"featured_media":5606,"comment_status":"closed","ping_status":"closed","sticky":false,"template":"","format":"standard","meta":{"fifu_image_url":"https:\/\/mms.businesswire.com\/media\/20231026189683\/es\/1926671\/21\/resco-solutions-for-power-platform.jpg","fifu_image_alt":"Resumen: Resco lanza soluciones m\u00f3viles para la Microsoft Power Platform","footnotes":""},"categories":[44],"tags":[],"class_list":["post-5605","post","type-post","status-publish","format-standard","has-post-thumbnail","hentry","category-business-wire"],"_links":{"self":[{"href":"https:\/\/elmundodelapolitica.com\/v1\/wp-json\/wp\/v2\/posts\/5605","targetHints":{"allow":["GET"]}}],"collection":[{"href":"https:\/\/elmundodelapolitica.com\/v1\/wp-json\/wp\/v2\/posts"}],"about":[{"href":"https:\/\/elmundodelapolitica.com\/v1\/wp-json\/wp\/v2\/types\/post"}],"author":[{"embeddable":true,"href":"https:\/\/elmundodelapolitica.com\/v1\/wp-json\/wp\/v2\/users\/2"}],"replies":[{"embeddable":true,"href":"https:\/\/elmundodelapolitica.com\/v1\/wp-json\/wp\/v2\/comments?post=5605"}],"version-history":[{"count":0,"href":"https:\/\/elmundodelapolitica.com\/v1\/wp-json\/wp\/v2\/posts\/5605\/revisions"}],"wp:featuredmedia":[{"embeddable":true,"href":"https:\/\/elmundodelapolitica.com\/v1\/wp-json\/wp\/v2\/media\/5606"}],"wp:attachment":[{"href":"https:\/\/elmundodelapolitica.com\/v1\/wp-json\/wp\/v2\/media?parent=5605"}],"wp:term":[{"taxonomy":"category","embeddable":true,"href":"https:\/\/elmundodelapolitica.com\/v1\/wp-json\/wp\/v2\/categories?post=5605"},{"taxonomy":"post_tag","embeddable":true,"href":"https:\/\/elmundodelapolitica.com\/v1\/wp-json\/wp\/v2\/tags?post=5605"}],"curies":[{"name":"wp","href":"https:\/\/api.w.org\/{rel}","templated":true}]}}