{"id":5600,"date":"2023-10-26T18:45:09","date_gmt":"2023-10-26T22:45:09","guid":{"rendered":"https:\/\/elmundodelapolitica.com\/v1\/?p=5600"},"modified":"2023-10-26T18:45:12","modified_gmt":"2023-10-26T22:45:12","slug":"nuevos-principios-para-fortalecer-la-economia-global-definidos-por-fmi-politicos-y-ejecutivos","status":"publish","type":"post","link":"https:\/\/elmundodelapolitica.com\/v1\/nuevos-principios-para-fortalecer-la-economia-global-definidos-por-fmi-politicos-y-ejecutivos\/","title":{"rendered":"Nuevos principios para fortalecer la econom\u00eda global definidos por FMI, pol\u00edticos y ejecutivos"},"content":{"rendered":"\n<ul class=\"wp-block-list\">\n<li>Los l\u00edderes instan a las naciones y a las empresas a colaborar en medio del reajuste estrat\u00e9gico y la volatilidad econ\u00f3mica<\/li>\n\n\n\n<li>El presidente de Ruanda refuerza el llamado a una colaboraci\u00f3n renovada a medida que el desarrollo de&nbsp;Africa&nbsp;alcanza un punto de inflexi\u00f3n que puede ofrecer m\u00e1s inversiones y oportunidades<\/li>\n\n\n\n<li>Importancia de la alineaci\u00f3n intercultural respaldada por un panel enfocado en el f\u00fatbol<\/li>\n<\/ul>\n\n\n\n<p>RIAD, Arabia Saudita,\u00a026 de octubre de 2023 &#8212; En la cumbre mundial de la Future Investment Initiative (FII), celebrada hoy en Riad, destacadas personalidades internacionales que incluyen ministros de Europa,\u00a0Oriente Medio\u00a0y un jefe de estado africano observaron nuevos principios que pueden ayudar a fortalecer la econom\u00eda internacional en medio de la creciente volatilidad y perturbaciones observadas durante esta d\u00e9cada.<\/p>\n\n\n\n<p>El segundo d\u00eda de la FII, titulado \"A New Vision Manifest\" (Manifiesto de una nueva visi\u00f3n), se centr\u00f3 en los desaf\u00edos y oportunidades disponibles para las econom\u00edas emergentes.&nbsp; Cediendo el escenario a nuevas \"potencias intermedias\" como Brasil, Turqu\u00eda y Sud\u00e1frica, en la cumbre se analizaron formas de mejorar las econom\u00edas nacionales y el comercio internacional en medio de dificultades econ\u00f3micas y la persistente necesidad de soluciones clim\u00e1ticas cr\u00edticas.<\/p>\n\n\n\n<p>En el importante debate matutino del d\u00eda, el ministro de Finanzas del Reino de Arabia Saudita, su excelencia&nbsp;Mohammed bin Abdullah Al-Jadaan<strong>,&nbsp;<\/strong>y su excelencia Mehmet \u015eim\u015fek, ministro de Finanzas de la Rep\u00fablica de Turqu\u00eda, junto con ministros del Reino de Bar\u00e9in y el Reino Unido, exploraron c\u00f3mo mejorar el comercio global, el cual disminuy\u00f3 al 1,7% en 2023 desde el 2,7% del a\u00f1o anterior.<\/p>\n\n\n\n<p>Kristalina Georgieva, directora general del Fondo Monetario Internacional, expres\u00f3: \"Uno de&nbsp;los grandes cambios que se producen en un mundo de conmociones ex\u00f3genas repetidas (Covid, guerra, crisis de costos de vida) es el aumento de nuestra fortaleza financiera. Incluso en un mundo de mayores tensiones geopol\u00edticas, somos capaces de tomar decisiones para que la empresa sea m\u00e1s fuerte\".<\/p>\n\n\n\n<p>En una sesi\u00f3n especial del almuerzo, el presidente Paul Kagame pronunci\u00f3 un discurso a los delegados para destacar c\u00f3mo su pa\u00eds se ha convertido en una historia de \u00e9xito econ\u00f3mico continental, pero advirti\u00f3 sobre lo que se requiere para el futuro. El presidente Kagame expres\u00f3: \"Esperamos que m\u00e1s africanos puedan trabajar juntos y hacer la inversi\u00f3n del modo en que nosotros mismos la hicimos a los dem\u00e1s. Tambi\u00e9n se trata de cooperaci\u00f3n. Quiero que \u00c1frica pueda trabajar con el resto del mundo para beneficiarnos mutuamente de la mejor manera posible, sobre la base de las decisiones que tomamos, en cuanto a c\u00f3mo podemos avanzar\".<\/p>\n\n\n\n<p>El segundo d\u00eda de la FII7 tambi\u00e9n incluy\u00f3 una cumbre sobre la IA y debates cruciales sobre c\u00f3mo la IA podr\u00eda y deber\u00eda regularse, aplicarse, desarrollarse e implementarse en una amplia gama de aplicaciones en beneficio de los seres humanos en \u00e1reas como la salud, las finanzas y la gesti\u00f3n ambiental.<\/p>\n\n\n\n<p>El tema de la colaboraci\u00f3n intercultural tambi\u00e9n se destac\u00f3 en una sesi\u00f3n en la tarde, en la que participaron el futbolista franc\u00e9s Karim Benzema de Al-Ittihad y el exmiembro del Real Madrid, expresidente de la FIA y enviado especial del secretario general de las Naciones Unidas para la seguridad vial,&nbsp;Jean Todt. Los ponentes debatieron c\u00f3mo los gobiernos y las instituciones pueden aprovechar la influencia inigualable del deporte para demostrar liderazgo visionario, inspirar a los ciudadanos y, en \u00faltima instancia, acercar al mundo.<\/p>\n\n\n\n<p>Richard Attias, director ejecutivo del Future Investment Initiative Institute, coment\u00f3:<\/p>\n\n\n\n<p>\"Este a\u00f1o, nuestros datos muestran una dr\u00e1stica ca\u00edda en la satisfacci\u00f3n de vida en todo el mundo. Se encuest\u00f3 a 53.000 personas en 23 pa\u00edses y los resultados de nuestro informe sobre la Br\u00fajula de Prioridades son reveladores. Estos datos han informado muchas de las deliberaciones y conversaciones de esta semana aqu\u00ed en la FII. Con los l\u00edderes mundiales y los mayores inversionistas en la sala y la innovaci\u00f3n avanzando a un ritmo acelerado, nuestra responsabilidad con la humanidad es actuar con vigor y rapidez\".<\/p>\n\n\n\n<p><strong>Acerca del FII Institute<\/strong>&nbsp;<\/p>\n\n\n\n<p>El Future Investment Initiative (FII) Institute es una fundaci\u00f3n mundial sin fines de lucro impulsada por datos con un brazo de inversi\u00f3n y una agenda: impacto en la humanidad. Global e inclusivo, fomentamos grandes mentes de todo el mundo y convertimos las ideas en soluciones del mundo real en cuatro \u00e1reas cr\u00edticas: inteligencia artificial (IA) y rob\u00f3tica, educaci\u00f3n, atenci\u00f3n m\u00e9dica y sostenibilidad.<\/p>\n","protected":false},"excerpt":{"rendered":"<p>RIAD, Arabia Saudita,\u00a026 de octubre de 2023 &#8212; En la cumbre mundial de la Future Investment Initiative (FII), celebrada hoy en Riad, destacadas personalidades internacionales que incluyen ministros de Europa,\u00a0Oriente&hellip; <\/p>\n","protected":false},"author":2,"featured_media":5601,"comment_status":"open","ping_status":"open","sticky":false,"template":"","format":"standard","meta":{"fifu_image_url":"","fifu_image_alt":"","footnotes":""},"categories":[8],"tags":[],"class_list":["post-5600","post","type-post","status-publish","format-standard","has-post-thumbnail","hentry","category-politica-economica"],"_links":{"self":[{"href":"https:\/\/elmundodelapolitica.com\/v1\/wp-json\/wp\/v2\/posts\/5600","targetHints":{"allow":["GET"]}}],"collection":[{"href":"https:\/\/elmundodelapolitica.com\/v1\/wp-json\/wp\/v2\/posts"}],"about":[{"href":"https:\/\/elmundodelapolitica.com\/v1\/wp-json\/wp\/v2\/types\/post"}],"author":[{"embeddable":true,"href":"https:\/\/elmundodelapolitica.com\/v1\/wp-json\/wp\/v2\/users\/2"}],"replies":[{"embeddable":true,"href":"https:\/\/elmundodelapolitica.com\/v1\/wp-json\/wp\/v2\/comments?post=5600"}],"version-history":[{"count":1,"href":"https:\/\/elmundodelapolitica.com\/v1\/wp-json\/wp\/v2\/posts\/5600\/revisions"}],"predecessor-version":[{"id":5602,"href":"https:\/\/elmundodelapolitica.com\/v1\/wp-json\/wp\/v2\/posts\/5600\/revisions\/5602"}],"wp:featuredmedia":[{"embeddable":true,"href":"https:\/\/elmundodelapolitica.com\/v1\/wp-json\/wp\/v2\/media\/5601"}],"wp:attachment":[{"href":"https:\/\/elmundodelapolitica.com\/v1\/wp-json\/wp\/v2\/media?parent=5600"}],"wp:term":[{"taxonomy":"category","embeddable":true,"href":"https:\/\/elmundodelapolitica.com\/v1\/wp-json\/wp\/v2\/categories?post=5600"},{"taxonomy":"post_tag","embeddable":true,"href":"https:\/\/elmundodelapolitica.com\/v1\/wp-json\/wp\/v2\/tags?post=5600"}],"curies":[{"name":"wp","href":"https:\/\/api.w.org\/{rel}","templated":true}]}}