{"id":559,"date":"2019-02-19T15:19:31","date_gmt":"2019-02-19T19:19:31","guid":{"rendered":"http:\/\/www.elmundodelapolitica.com\/v2\/?p=18436"},"modified":"2019-02-19T15:19:31","modified_gmt":"2019-02-19T19:19:31","slug":"convoca-vicepresidencia-botellas-literarias-fomentando-lectura-y-cuidado-ambiental","status":"publish","type":"post","link":"https:\/\/elmundodelapolitica.com\/v1\/convoca-vicepresidencia-botellas-literarias-fomentando-lectura-y-cuidado-ambiental\/","title":{"rendered":"Convoca Vicepresidencia Botellas Literarias fomentando lectura y cuidado ambiental"},"content":{"rendered":"\n<p><strong>SANTO DOMINGO<\/strong>.- La Vicepresidencia de la Rep\u00fablica y la Biblioteca Infantil y Juvenil Rep\u00fablica Dominicana (BIJRD), con el patrocinio de Bepensa Dominicana y la Compa\u00f1\u00eda Coca-Cola, convoc\u00f3 a la sexta edici\u00f3n del Concurso Nacional Botellas Literarias 2019, una iniciativa que busca despertar la creatividad literaria y art\u00edstica en los estudiantes mediante la creaci\u00f3n de obras de arte con materiales reciclados.<\/p>\n\n\n\n<p>Durante la apertura, realizada en el auditorio La Trinitaria del referido centro cultural, su directora, Dulce Elvira de los Santos, dijo que el lema del certamen este a\u00f1o es \u201c\u00a1L\u00e9eme! Nada nos enriquece m\u00e1s que la lectura\", y est\u00e1 dedicado al poeta y escritor Virgilio D\u00edaz Grull\u00f3n, considerado como uno de los mejores exponentes de la literatura dominicana en el g\u00e9nero cuento, a quien tambi\u00e9n se le dedica la vig\u00e9sima segunda&nbsp;edici\u00f3n de la Feria del Internacional del Libro Santo Domingo 2019.<\/p>\n\n\n\n<p>De los Santos inform\u00f3 que las obras ser\u00e1n recibidas los d\u00edas jueves 21 y viernes 22 de marzo en la sala \u201cMi Espacio\u201d de la BIJRD, y que la premiaci\u00f3n ser\u00e1 en un acto que tendr\u00e1 lugar en el Centro Comercial Galer\u00eda 360 el pr\u00f3ximo jueves 11 de abril.<\/p>\n\n\n\n<p>De su lado, el director nacional de Arte Dram\u00e1tico de Bellas Artes, Haffe Serulle, exhort\u00f3 a los estudiantes a cuidar y respetar la naturaleza, para mejorar la calidad de vida del planeta, y as\u00ed&nbsp;garantizar un mundo mejor a las futuras generaciones.<\/p>\n\n\n\n<p>El director de Asuntos Corporativos de Bepensa Dominicana, socio embotellador de la Compa\u00f1\u00eda Coca-Cola, Juan Amell, dijo que su compromiso es \u201cmarcar&nbsp;una diferencia positiva en el mundo a trav\u00e9s de iniciativas como el cuidado del medioambiente, el reciclaje, la educaci\u00f3n y la cultura\u201d. Agreg\u00f3 que \u201cBotellas Literarias nos aporta una plataforma adicional para extender el mensaje de que los envases desechables no son desperdicios, sino que son recursos de gran valor para ser reutilizados\u201d.<\/p>\n\n\n\n<p>Desde que se inici\u00f3 el concurso en 2015, impulsado por la vicepresidenta de la Rep\u00fablica, Dra. Margarita Cede\u00f1o, 93 mil estudiantes y 415 promociones estudiantiles han participado en la convocatoria. Estos j\u00f3venes tuvieron la oportunidad de aprender sobre la importancia de reciclar, al mismo tiempo que se involucran en el mundo literario.<\/p>\n\n\n\n<p><strong>Bases del concurso y premios<\/strong><\/p>\n\n\n\n<p>Podr\u00e1n participar los estudiantes de quinto y sexto de bachillerato de escuelas y colegios que est\u00e9n vinculados en promociones o actividades relacionadas a su graduaci\u00f3n. Las inscripciones deben hacerse a trav\u00e9s del portal de la BIJRD:<a href=\"http:\/\/bijrd.gob.do\/\" target=\"_blank\" rel=\"noreferrer noopener\">http:\/\/bijrd.gob.do\/<\/a><\/p>\n\n\n\n<p>Adicionalmente, los participantes deben recoger una botella literaria en la biblioteca para leer uno de los textos participantes en el concurso, socializarlo y luego crear una composici\u00f3n art\u00edstica basada en lo le\u00eddo. Esta actividad tendr\u00e1 una puntuaci\u00f3n de un cinco por ciento y ser\u00e1 evaluada por un jurado especializado que tomar\u00e1 en cuenta la creatividad, originalidad y la relaci\u00f3n del texto con la obra de arte.<\/p>\n\n\n\n<p>El concurso contar\u00e1 con tres premios en met\u00e1lico: 100 mil pesos para el primer lugar, 75 mil pesos para el segundo, y 50 mil pesos para el tercero. Adem\u00e1s, se otorgar\u00e1n tres menciones especiales que recibir\u00e1n un premio de 25 mil pesos cada una.<\/p>\n\n\n\n<p><strong>Requisito indispensable<\/strong><strong><\/strong><\/p>\n\n\n\n<p>Es indispensable que el participante sea un seguidor de las cuentas de la BIJRD en las redes sociales: bibliotecainfantilyjuvenilRD, en FaceBook, y @Tubiblioteca en Instagram.&nbsp;Para m\u00e1s informaci\u00f3n sobre el concurso comunicarse al 809-685-4276.<\/p>\n","protected":false},"excerpt":{"rendered":"<p>SANTO DOMINGO.- La Vicepresidencia de la Rep\u00fablica y la Biblioteca Infantil y Juvenil Rep\u00fablica Dominicana (BIJRD), con el patrocinio de Bepensa Dominicana y la Compa\u00f1\u00eda Coca-Cola, convoc\u00f3 a la sexta&hellip; <\/p>\n","protected":false},"author":2,"featured_media":560,"comment_status":"open","ping_status":"open","sticky":false,"template":"","format":"standard","meta":{"fifu_image_url":"","fifu_image_alt":"","footnotes":""},"categories":[63],"tags":[],"class_list":["post-559","post","type-post","status-publish","format-standard","has-post-thumbnail","hentry","category-actualidad"],"_links":{"self":[{"href":"https:\/\/elmundodelapolitica.com\/v1\/wp-json\/wp\/v2\/posts\/559","targetHints":{"allow":["GET"]}}],"collection":[{"href":"https:\/\/elmundodelapolitica.com\/v1\/wp-json\/wp\/v2\/posts"}],"about":[{"href":"https:\/\/elmundodelapolitica.com\/v1\/wp-json\/wp\/v2\/types\/post"}],"author":[{"embeddable":true,"href":"https:\/\/elmundodelapolitica.com\/v1\/wp-json\/wp\/v2\/users\/2"}],"replies":[{"embeddable":true,"href":"https:\/\/elmundodelapolitica.com\/v1\/wp-json\/wp\/v2\/comments?post=559"}],"version-history":[{"count":0,"href":"https:\/\/elmundodelapolitica.com\/v1\/wp-json\/wp\/v2\/posts\/559\/revisions"}],"wp:featuredmedia":[{"embeddable":true,"href":"https:\/\/elmundodelapolitica.com\/v1\/wp-json\/wp\/v2\/media\/560"}],"wp:attachment":[{"href":"https:\/\/elmundodelapolitica.com\/v1\/wp-json\/wp\/v2\/media?parent=559"}],"wp:term":[{"taxonomy":"category","embeddable":true,"href":"https:\/\/elmundodelapolitica.com\/v1\/wp-json\/wp\/v2\/categories?post=559"},{"taxonomy":"post_tag","embeddable":true,"href":"https:\/\/elmundodelapolitica.com\/v1\/wp-json\/wp\/v2\/tags?post=559"}],"curies":[{"name":"wp","href":"https:\/\/api.w.org\/{rel}","templated":true}]}}