{"id":5575,"date":"2023-10-25T01:01:35","date_gmt":"2023-10-25T05:01:35","guid":{"rendered":"https:\/\/elmundodelapolitica.com\/v1\/?p=5575"},"modified":"2023-10-25T01:01:35","modified_gmt":"2023-10-25T05:01:35","slug":"resumen-q4-inc-presentara-sus-resultados-del-tercer-trimestre-de-2023-el-13-de-noviembre","status":"publish","type":"post","link":"https:\/\/elmundodelapolitica.com\/v1\/resumen-q4-inc-presentara-sus-resultados-del-tercer-trimestre-de-2023-el-13-de-noviembre\/","title":{"rendered":"Resumen: Q4 Inc. presentar\u00e1 sus resultados del tercer trimestre de 2023 el 13 de noviembre"},"content":{"rendered":"<p>TORONTO&#8211;(BUSINESS WIRE)&#8211;Q4 Inc. (TSX: QFOR), (\u00abQ4\u00bb o la \u00abEmpresa\u00bb), plataforma l\u00edder de acceso a los mercados de capitales, tiene previsto publicar sus resultados financieros del tercer trimestre de 2023 antes de la apertura del mercado el lunes 13 de noviembre de 2023. Junto con esta publicaci\u00f3n, la empresa organizar\u00e1 un v\u00eddeo webcast liderado por el fundador y director ejecutivo, Darrell Heaps, en la plataforma de eventos virtuales de Q4 a las 9:30h ET del 13 de noviembre de 2023.<br \/>\nPublicaci\u00f3n de resultados del tercer trimestre de 2023 y detalles de la conferencia<br \/>\nLos participantes pueden registrarse con antelaci\u00f3n o acceder a la retransmisi\u00f3n en directo en: https:\/\/events.q4inc.com\/attendee\/997022835. El material complementario estar\u00e1 disponible al menos quince minutos antes del inicio del evento.<br \/>\nEl comunicado en el idioma original es la versi\u00f3n oficial y autorizada del mismo. Esta traducci\u00f3n es solamente un medio de ayuda y deber\u00e1 ser comparada con el texto en idioma original, que es la \u00fanica versi\u00f3n del texto que tendr\u00e1 validez legal. Contacts<br \/>\nInversores:Edward Miller<br \/>\nDirector de relaciones con inversores<br \/>\n(437) 291-1554<br \/>\nir@q4inc.com<br \/>\nMedios de comunicaci\u00f3n:Heather Noll<br \/>\nResponsable de comunicaci\u00f3n corporativa<br \/>\nmedia@q4inc.com<\/p>\n","protected":false},"excerpt":{"rendered":"<div>\n<p>TORONTO&#8211;(BUSINESS WIRE)&#8211;<b>Q4 Inc. (TSX: QFOR), (\u00abQ4\u00bb o la \u00abEmpresa\u00bb)<\/b>, plataforma l\u00edder de acceso a los mercados de capitales, tiene previsto publicar sus resultados financieros del tercer trimestre de 2023 antes de la apertura del mercado el lunes 13 de noviembre de 2023. Junto con esta publicaci\u00f3n, la empresa organizar\u00e1 un v\u00eddeo webcast liderado por el fundador y director ejecutivo, Darrell Heaps, en la plataforma de eventos virtuales de Q4 a las 9:30h ET del 13 de noviembre de 2023.<\/p>\n<p><a href=\"https:\/\/mms.businesswire.com\/media\/20231024760929\/es\/1802235\/5\/Q4_3D_logo_rgb_72ppi.jpg\"><img decoding=\"async\" src=\"https:\/\/mms.businesswire.com\/media\/20231024169437\/en\/1802235\/21\/Q4_3D_logo_rgb_72ppi.jpg\"><\/a><br \/><a href=\"https:\/\/mms.businesswire.com\/media\/20231024760929\/es\/1802235\/5\/Q4_3D_logo_rgb_72ppi.jpg\"><img decoding=\"async\" src=\"https:\/\/mms.businesswire.com\/media\/20231024760929\/es\/1802235\/22\/Q4_3D_logo_rgb_72ppi.jpg\"><\/a><\/p>\n<p>\n<b>Publicaci\u00f3n de resultados del tercer trimestre de 2023 y detalles de la conferencia<\/b><\/p>\n<p>\nLos participantes pueden registrarse con antelaci\u00f3n o acceder a la retransmisi\u00f3n en directo en: <a target=\"_blank\" href=\"https:\/\/cts.businesswire.com\/ct\/CT?id=smartlink&amp;url=https%3A%2F%2Fevents.q4inc.com%2Fattendee%2F997022835&amp;esheet=53665035&amp;newsitemid=20231024760929&amp;lan=es-ES&amp;anchor=https%3A%2F%2Fevents.q4inc.com%2Fattendee%2F997022835&amp;index=1&amp;md5=c0ca0c364edde92ecb8f9e7b44644efd\" rel=\"nofollow noopener\">https:\/\/events.q4inc.com\/attendee\/997022835<\/a>. El material complementario estar\u00e1 disponible al menos quince minutos antes del inicio del evento.<\/p>\n<p>\nEl comunicado en el idioma original es la versi\u00f3n oficial y autorizada del mismo. Esta traducci\u00f3n es solamente un medio de ayuda y deber\u00e1 ser comparada con el texto en idioma original, que es la \u00fanica versi\u00f3n del texto que tendr\u00e1 validez legal.<\/p>\n<p> <b>Contacts<\/b> <\/p>\n<p>\n<b>Inversores:<\/b><br \/>Edward Miller<br \/>\n<br \/>Director de relaciones con inversores<br \/>\n<br \/>(437) 291-1554<br \/>\n<br \/><a target=\"_blank\" href=\"mailto:ir@q4inc.com\" rel=\"nofollow noopener\"><b>ir@q4inc.com<\/b><\/a><b><br \/>\n<\/b><br \/><b>Medios de comunicaci\u00f3n:<\/b><br \/>Heather Noll<br \/>\n<br \/>Responsable de comunicaci\u00f3n corporativa<br \/>\n<br \/><a target=\"_blank\" href=\"mailto:media@q4inc.com\" rel=\"nofollow noopener\"><b>media@q4inc.com<\/b><\/a><\/p>\n<\/div>\n","protected":false},"author":2,"featured_media":5576,"comment_status":"closed","ping_status":"closed","sticky":false,"template":"","format":"standard","meta":{"fifu_image_url":"https:\/\/mms.businesswire.com\/media\/20231024169437\/en\/1802235\/21\/Q4_3D_logo_rgb_72ppi.jpg","fifu_image_alt":"Resumen: Q4 Inc. presentar\u00e1 sus resultados del tercer trimestre de 2023 el 13 de noviembre","footnotes":""},"categories":[44],"tags":[],"class_list":["post-5575","post","type-post","status-publish","format-standard","has-post-thumbnail","hentry","category-business-wire"],"_links":{"self":[{"href":"https:\/\/elmundodelapolitica.com\/v1\/wp-json\/wp\/v2\/posts\/5575","targetHints":{"allow":["GET"]}}],"collection":[{"href":"https:\/\/elmundodelapolitica.com\/v1\/wp-json\/wp\/v2\/posts"}],"about":[{"href":"https:\/\/elmundodelapolitica.com\/v1\/wp-json\/wp\/v2\/types\/post"}],"author":[{"embeddable":true,"href":"https:\/\/elmundodelapolitica.com\/v1\/wp-json\/wp\/v2\/users\/2"}],"replies":[{"embeddable":true,"href":"https:\/\/elmundodelapolitica.com\/v1\/wp-json\/wp\/v2\/comments?post=5575"}],"version-history":[{"count":0,"href":"https:\/\/elmundodelapolitica.com\/v1\/wp-json\/wp\/v2\/posts\/5575\/revisions"}],"wp:featuredmedia":[{"embeddable":true,"href":"https:\/\/elmundodelapolitica.com\/v1\/wp-json\/wp\/v2\/media\/5576"}],"wp:attachment":[{"href":"https:\/\/elmundodelapolitica.com\/v1\/wp-json\/wp\/v2\/media?parent=5575"}],"wp:term":[{"taxonomy":"category","embeddable":true,"href":"https:\/\/elmundodelapolitica.com\/v1\/wp-json\/wp\/v2\/categories?post=5575"},{"taxonomy":"post_tag","embeddable":true,"href":"https:\/\/elmundodelapolitica.com\/v1\/wp-json\/wp\/v2\/tags?post=5575"}],"curies":[{"name":"wp","href":"https:\/\/api.w.org\/{rel}","templated":true}]}}