{"id":557,"date":"2019-04-25T18:11:00","date_gmt":"2019-04-25T22:11:00","guid":{"rendered":"http:\/\/www.elmundodelapolitica.com\/v2\/?p=18531"},"modified":"2019-04-25T18:11:00","modified_gmt":"2019-04-25T22:11:00","slug":"celebran-eucaristia-en-96-aniversario-jce","status":"publish","type":"post","link":"https:\/\/elmundodelapolitica.com\/v1\/celebran-eucaristia-en-96-aniversario-jce\/","title":{"rendered":"Celebran Eucarist\u00eda en 96 Aniversario JCE"},"content":{"rendered":"\n<p><strong>Santo Domingo.-&nbsp;<\/strong>La Junta Central Electoral (JCE), encabezada por su Presidente, Magistrado Julio C\u00e9sar Casta\u00f1os Guzm\u00e1n, conmemor\u00f3 el Nonag\u00e9simo Sexto&nbsp;(96) Aniversario&nbsp; de la creaci\u00f3n de la instituci\u00f3n con una Eucarist\u00eda celebrada&nbsp;por su Excelencia Reverend\u00edsima Monse\u00f1or Fausto Burgos Brisman, C.M. Obispo Auxiliar de Santo Domingo Oeste, en la Catedral Metropolitana Nuestra Se\u00f1ora de la Encarnaci\u00f3n Primada de Am\u00e9rica.<\/p>\n\n\n\n<p>En un emotivo discurso, el Magistrado Casta\u00f1os Guzm\u00e1n enfatiz\u00f3 que \u201cla democracia y la justicia hay que construirlas con el empe\u00f1o de una voluntad f\u00e9rrea y perpetua, ya que, contrario a lo que muchas personas pudieran pensar, estos valores y estadios de civilizaci\u00f3n no aparecen graciosamente dados en el orden natural. Hay que construirlos y eso toma tiempo\u201d.<\/p>\n\n\n\n<p><br>El presidente de la JCE record\u00f3 tambi\u00e9n que \u201cla Constituci\u00f3n de la Rep\u00fablica Dominicana convoca a las Asambleas Electorales para el pr\u00f3ximo a\u00f1o 2020 con el prop\u00f3sito de la realizaci\u00f3n, cuando menos, de dos elecciones generales, las municipales en febrero y las presidenciales y congresuales en mayo de ese mismo a\u00f1o\". Explic\u00f3 que las Asambleas Electorales, constituidas por m\u00e1s de 7 millones 400 mil ciudadanos y ciudadanas, est\u00e1n articuladas en m\u00e1s de 16 mil 400 colegios electorales, diseminados en 158 municipios en todo el pa\u00eds.<\/p>\n\n\n\n<p><br>En tal sentido, Casta\u00f1os Guzm\u00e1n reconoci\u00f3 el momento hist\u00f3rico que vive el pa\u00eds al estar de estreno con dos leyes org\u00e1nicas fundamentales que crean nuevos procesos, tales como la celebraci\u00f3n de Primarias Simult\u00e1neas, tope de gastos, nuevas regulaciones sobre la propaganda, entre otros. Destac\u00f3 tambi\u00e9n que esto es un reto compartido con los partidos pol\u00edticos, que son quienes hacen la propuesta de las candidaturas.&nbsp; Igualmente, realiz\u00f3 un llamado al pueblo dominicano a hacer conciencia ante este compromiso c\u00edvico que es vital para la democracia del pa\u00eds e inst\u00f3 a todos los presentes a asumir la actitud de salir de la zona de confort y trabajar activamente en las mesas electorales.<\/p>\n\n\n\n<p><br>La conmemoraci\u00f3n del 96 aniversario de la JCE estuvo encabezada por el Magistrado Casta\u00f1os Guzm\u00e1n, quien estuvo acompa\u00f1ado de su esposa, la se\u00f1ora Velkys Zouain de Casta\u00f1os; as\u00ed como los miembros titulares Roberto Salad\u00edn Selin, quien estuvo acompa\u00f1ado de su esposa, la se\u00f1ora Bertha Nin de Salad\u00edn; Carmen Imbert Brugal; Rosario Graciano de los Santos y Henry Mej\u00eda Oviedo. Tambi\u00e9n estuvieron presentes suplentes, directores, subdirectores y dem\u00e1s colaboradores de la JCE. Participaron igualmente representantes del Cuerpo Diplom\u00e1tico y Consular acreditados en el pa\u00eds, funcionarios, representantes de los partidos pol\u00edticos, de la sociedad civil y medios de comunicaci\u00f3n en general.<\/p>\n","protected":false},"excerpt":{"rendered":"<p>Santo Domingo.-&nbsp;La Junta Central Electoral (JCE), encabezada por su Presidente, Magistrado Julio C\u00e9sar Casta\u00f1os Guzm\u00e1n, conmemor\u00f3 el Nonag\u00e9simo Sexto&nbsp;(96) Aniversario&nbsp; de la creaci\u00f3n de la instituci\u00f3n con una Eucarist\u00eda celebrada&nbsp;por&hellip; <\/p>\n","protected":false},"author":2,"featured_media":558,"comment_status":"open","ping_status":"open","sticky":false,"template":"","format":"standard","meta":{"fifu_image_url":"","fifu_image_alt":"","footnotes":""},"categories":[63,57],"tags":[],"class_list":["post-557","post","type-post","status-publish","format-standard","has-post-thumbnail","hentry","category-actualidad","category-noticias-destacadas"],"_links":{"self":[{"href":"https:\/\/elmundodelapolitica.com\/v1\/wp-json\/wp\/v2\/posts\/557","targetHints":{"allow":["GET"]}}],"collection":[{"href":"https:\/\/elmundodelapolitica.com\/v1\/wp-json\/wp\/v2\/posts"}],"about":[{"href":"https:\/\/elmundodelapolitica.com\/v1\/wp-json\/wp\/v2\/types\/post"}],"author":[{"embeddable":true,"href":"https:\/\/elmundodelapolitica.com\/v1\/wp-json\/wp\/v2\/users\/2"}],"replies":[{"embeddable":true,"href":"https:\/\/elmundodelapolitica.com\/v1\/wp-json\/wp\/v2\/comments?post=557"}],"version-history":[{"count":0,"href":"https:\/\/elmundodelapolitica.com\/v1\/wp-json\/wp\/v2\/posts\/557\/revisions"}],"wp:featuredmedia":[{"embeddable":true,"href":"https:\/\/elmundodelapolitica.com\/v1\/wp-json\/wp\/v2\/media\/558"}],"wp:attachment":[{"href":"https:\/\/elmundodelapolitica.com\/v1\/wp-json\/wp\/v2\/media?parent=557"}],"wp:term":[{"taxonomy":"category","embeddable":true,"href":"https:\/\/elmundodelapolitica.com\/v1\/wp-json\/wp\/v2\/categories?post=557"},{"taxonomy":"post_tag","embeddable":true,"href":"https:\/\/elmundodelapolitica.com\/v1\/wp-json\/wp\/v2\/tags?post=557"}],"curies":[{"name":"wp","href":"https:\/\/api.w.org\/{rel}","templated":true}]}}