{"id":555,"date":"2019-10-29T16:30:23","date_gmt":"2019-10-29T20:30:23","guid":{"rendered":"http:\/\/www.elmundodelapolitica.com\/v2\/?p=18873"},"modified":"2019-10-29T16:30:23","modified_gmt":"2019-10-29T20:30:23","slug":"que-es-el-virus-caso-especial-republica-dominicana","status":"publish","type":"post","link":"https:\/\/elmundodelapolitica.com\/v1\/que-es-el-virus-caso-especial-republica-dominicana\/","title":{"rendered":"Qu\u00e9 es el Virus: CASO ESPECIAL REPUBLICA DOMINICANA"},"content":{"rendered":"\n<h2 class=\"wp-block-heading\"> Por: Arq. Cesar Portes<\/h2>\n\n\n\n<p>&lt;<a rel=\"noreferrer noopener\" href=\"mailto:cportessa@gmail.com\" target=\"_blank\">cportessa@gmail.com<\/a>&gt;&nbsp; &nbsp; &nbsp; &nbsp; &nbsp; &nbsp; &nbsp; &nbsp;<\/p>\n\n\n\n<p style=\"text-align:left\">Arquitecto, Maestr\u00eda en interiorismo Universidad de La Coru\u00f1a. <\/p>\n\n\n\n<p>Profesor universitario, con postgrado educaci\u00f3n Universidad de Camaguey <\/p>\n\n\n\n<p>Supervisor obras MOPC<\/p>\n\n\n\n<p><\/p>\n\n\n\n<p>\nAqu\u00ed\nles pongo una divagaci\u00f3n que cruzo hoy por mi mente<\/p>\n\n\n\n<p>\n<strong>Los\nvirus<\/strong><strong>&nbsp;son&nbsp;<\/strong><strong>par\u00e1sitos\nintracelulares, de peque\u00f1o tama\u00f1o, constituido por \u00e1cido nucleico\ny prote\u00edna, el cual son los causantes de numerosas\nenfermedades&nbsp;<\/strong><strong>como:\ngripe, \u00e9bola<\/strong>,\n<strong>sida\ny otras.<\/strong><\/p>\n\n\n\n<p>\nEstos\nmicroorganismos, resistentes por naturaleza a la mayor\u00eda de\nmedicamentos, han sufrido una mutaci\u00f3n simbi\u00f3tica en Republica\nDominicana. La virosis pol\u00edtica corroe la sociedad y los virus se\nreproducen exponencialmente.<\/p>\n\n\n\n<p>\nLa\npalabra virus proviene del lat\u00edn \u201c<em>virus<\/em>\u201d\nque significa \u201c<em>toxina<\/em>\u201d\no \u201c<em>veneno\u201d<\/em>.\nO sea, se est\u00e1 envenenando la sociedad.<\/p>\n\n\n\n<p>\nLos\nvirus pol\u00edticos est\u00e1n conformados por: el material gen\u00e9tico que\ntransporta la informaci\u00f3n hereditaria bien sea ADN o ARN, y se\ninserta en las conciencias de miles de dominicanos, sus s\u00edntomas\nvar\u00edan desde odio, recelos, enemistades, enga\u00f1os, corrupci\u00f3n,\nantipatriotismo, migraci\u00f3n ilegal, degeneraci\u00f3n sexual y robo. \n<\/p>\n\n\n\n<p>\nLa\nc\u00e1pside que es una cubierta proteica que protege los genes y una\nenvoltura v\u00edrica o bicapa lip\u00eddica que los envuelve cuando se\nsit\u00faan fuera de la c\u00e9lula que hemos llamado Partidos pol\u00edticos.<\/p>\n\n\n\n<p>\nLos\nvirus necesitan de c\u00e9lulas hu\u00e9spedes (PLD, PRM, PRD, LFP, PRSC,\netc, etc) para poder reproducirse, una de las caracter\u00edsticas del\nhu\u00e9sped es la fragilidad de su sistema inmunol\u00f3gico, que lo inclina\nhacia las motivaciones mas perversas y perjudiciales para la Naci\u00f3n.\nocasionando enfermedades nombradas anteriormente, entre otras muchas.\n \n<\/p>\n\n\n\n<p>\nLos\nvirus tendr\u00e1n su \u201cPeak\u201d  a partir de febrero pr\u00f3ximo y los\nniveles de contagio y trasmutaciones ser\u00e1 elevado y doloroso para\nnuestra sociedad, ya muy dividida entre el cartel pol\u00edtico nacional.<\/p>\n\n\n\n<p>\nLa\nmejor forma de evitar contagio es usar preservativo mental, actuar\ncon conciencia propia, recordar como dijo San Agust\u00edn.. \u201dDecir\nverdades, aleja amistades\u201d as\u00ed que mide tus verdades, que son solo\ntuyas y evitaras tambi\u00e9n ser victima de este grave mal.<\/p>\n","protected":false},"excerpt":{"rendered":"<p>Por: Arq. Cesar Portes &lt;cportessa@gmail.com&gt;&nbsp; &nbsp; &nbsp; &nbsp; &nbsp; &nbsp; &nbsp; &nbsp; Arquitecto, Maestr\u00eda en interiorismo Universidad de La Coru\u00f1a. Profesor universitario, con postgrado educaci\u00f3n Universidad de Camaguey Supervisor obras&hellip; <\/p>\n","protected":false},"author":2,"featured_media":556,"comment_status":"open","ping_status":"open","sticky":false,"template":"","format":"standard","meta":{"fifu_image_url":"","fifu_image_alt":"","footnotes":""},"categories":[63,57],"tags":[],"class_list":["post-555","post","type-post","status-publish","format-standard","has-post-thumbnail","hentry","category-actualidad","category-noticias-destacadas"],"_links":{"self":[{"href":"https:\/\/elmundodelapolitica.com\/v1\/wp-json\/wp\/v2\/posts\/555","targetHints":{"allow":["GET"]}}],"collection":[{"href":"https:\/\/elmundodelapolitica.com\/v1\/wp-json\/wp\/v2\/posts"}],"about":[{"href":"https:\/\/elmundodelapolitica.com\/v1\/wp-json\/wp\/v2\/types\/post"}],"author":[{"embeddable":true,"href":"https:\/\/elmundodelapolitica.com\/v1\/wp-json\/wp\/v2\/users\/2"}],"replies":[{"embeddable":true,"href":"https:\/\/elmundodelapolitica.com\/v1\/wp-json\/wp\/v2\/comments?post=555"}],"version-history":[{"count":0,"href":"https:\/\/elmundodelapolitica.com\/v1\/wp-json\/wp\/v2\/posts\/555\/revisions"}],"wp:featuredmedia":[{"embeddable":true,"href":"https:\/\/elmundodelapolitica.com\/v1\/wp-json\/wp\/v2\/media\/556"}],"wp:attachment":[{"href":"https:\/\/elmundodelapolitica.com\/v1\/wp-json\/wp\/v2\/media?parent=555"}],"wp:term":[{"taxonomy":"category","embeddable":true,"href":"https:\/\/elmundodelapolitica.com\/v1\/wp-json\/wp\/v2\/categories?post=555"},{"taxonomy":"post_tag","embeddable":true,"href":"https:\/\/elmundodelapolitica.com\/v1\/wp-json\/wp\/v2\/tags?post=555"}],"curies":[{"name":"wp","href":"https:\/\/api.w.org\/{rel}","templated":true}]}}