{"id":553,"date":"2019-12-06T16:45:46","date_gmt":"2019-12-06T20:45:46","guid":{"rendered":"http:\/\/www.elmundodelapolitica.com\/v2\/?p=19023"},"modified":"2019-12-06T16:45:46","modified_gmt":"2019-12-06T20:45:46","slug":"articulo-politica-centrada-y-equilibrada","status":"publish","type":"post","link":"https:\/\/elmundodelapolitica.com\/v1\/articulo-politica-centrada-y-equilibrada\/","title":{"rendered":"ARTICULO: Pol\u00edtica centrada y equilibrada"},"content":{"rendered":"\n<p>Por: Ing. <strong>Guillermo Caram<\/strong><\/p>\n\n\n\n<p>Vicepresidente,<\/p>\n\n\n\n<p>Partido Reformista Social Cristiano (PRSC)<\/p>\n\n\n\n<p>Republica Dominicana<\/p>\n\n\n\n<p>La\n naci\u00f3n, nuestra democracia, necesita pol\u00edticos que propicien pol\u00edticas \ncentradas y equilibrados para encarar adecuadamente incertidumbres, \nturbulencias, radicalizaciones, simplismos, confusiones e \ninsustancialidades imperantes.<\/p>\n\n\n\n<p>Debemos\n superar esas amenazas que penden sobre nuestra sociedad si aspiramos \ninscribirnos en la nobleza y deber ser de la pol\u00edtica que nos inculcara \nel forjador de nuestra nacionalidad. Y tomar la antorcha de relevo \nlegada por Balaguer, Bosch y Pe\u00f1aG\u00f3mez.<\/p>\n\n\n\n<p>Duarte\n ense\u00f1\u00f3 que la pol\u00edtica no es especulaci\u00f3n, sino \u201cla Ciencia m\u00e1s pura y \nla m\u00e1s digna, despu\u00e9s de la Filosof\u00eda, de ocupar las inteligencias \nnobles\u201d expresi\u00f3n identificada con pensadores sublimes y excelsos \ncontempor\u00e1neos; lo cual puede constatarse en el libro que recoge la \n\u201cENCUESTA DE LA UNESCO SOBRE LOS FUNDAMENTOS FILOS\u00d3FICOS DE LOS DERECHOS\n HUMANOS\u201d ordenadas por esa instituci\u00f3n previamente a la elaboraci\u00f3n de \nla Declaraci\u00f3n Universal de los Derechos Humanos en 1947; el cual fue \nprologado por Jacques Maritain sosteniendo una concepci\u00f3n de la pol\u00edtica\n similar a la del Padre de la Patria.<\/p>\n\n\n\n<p>De\n los m\u00e9ritos de los l\u00edderes dominicanos del siglo XX destacamos haber \ncultivado equilibrio centrado del quehacer pol\u00edtico frente a \nextremismos. Hicieron posible superar resentimientos de dictadura y \nguerreas como no lo han alcanzado otras naciones m\u00e1s civilizadas, siendo\n Espa\u00f1a y Chile ejemplos fehacientes de c\u00f3mo no se han podidol resta\u00f1ar \nheridas provocadas por dictaduras y guerreas.<\/p>\n\n\n\n<p>De\n Balaguer recordamos su admonici\u00f3n al tomar posesi\u00f3n en 1966: \u201cNo he \nvenido a ponerme las botas de Trujillo\u201d. Incluy\u00f3 Boschistas derrotados \nen las elecciones de donde eman\u00f3 como Presidente electo de la Rep\u00fablica \nen democracia en su gabinete. Detuvo asonadas militares en 1978. \nViabilizo participaci\u00f3n institucionalizada de partidos opositores en \n1986. Cedi\u00f3 a presiones en 1996 para evitar que las confrontaciones \npol\u00edticas alteraran la paz.<\/p>\n\n\n\n<p>Bosch\n hizo ver en 1962 que nuestra dicotom\u00eda no era trujillismo o \nantirujillismo, sino disparidades sociales. El \u201cborr\u00f3n y cuenta nueva\u201d \nlleg\u00f3 a provocarle adhesiones trujillistas y anatemizaciones&nbsp; de \nextremistas. Autoriz\u00f3 cercanos colaboradores suyos formar parte del \nprimer gabinete Balaguerista.<\/p>\n\n\n\n<p>Cuando\n conoc\u00ed personalmente a Pe\u00f1a G\u00f3mez durante las negociaciones para crear \ncondiciones equilibradas en las elecciones de 1970, qued\u00e9 impresionado \nde su aura pacifista privada contraria a la \u201ctierra arrasada\u201d que \npostulaba p\u00fablicamente. Al observarle mi impresi\u00f3n, su respuesta, \ngestual y verbal, fue que hab\u00eda que administrar un partido tan grande \ncomo el PRD de entonces recurriendo al equilibrismo. Su mensaje a \nadversarios \u201cyo los perdono\u201d confirm\u00f3 virtudes centradas no obstante ser\n el l\u00edder dominicano por excelencia en la exacerbaci\u00f3n de las masas.<\/p>\n\n\n\n<p>Por\n esas actuaciones centradas y equilibradas de esos l\u00edderes, se recuper\u00f3 \nla capacidad de socializar, premisas para la concertaci\u00f3n ,entre \npol\u00edticos dominicanos; que la dictadura(1930-1961) y las guerreas(1965) \nhab\u00edan separado en forma tan extrema que se manifestaban en eventos \nsociales donde cada partidario se manten\u00eda alejado de otro.<\/p>\n\n\n\n<p>La\n naci\u00f3n ha superado pues, dicotom\u00edas en las etiquetas entre trujillismo \nvs antitrujillismo, revolucionarios vs conservadores, gracias a \npol\u00edticos inscritos en el equilibrio centrado.<\/p>\n\n\n\n<p>Pero\n no ha superado algo de lo m\u00e1s sustancial en el quehacer pol\u00edtico: las \ndisparidades sociales provocadas por distorsiones econ\u00f3micas originadas \nen fiscalidades end\u00e9micamente deficitarias; desaf\u00edo a superar por la \npresente generaci\u00f3n de pol\u00edticos, con el agravante que encuentran una \nnaci\u00f3n amenazada por una potencial confrontaci\u00f3n como anticipan la \ncelebraci\u00f3n de dos marchas contrapuestas el pasado domingo 24\/11 en \nocasi\u00f3n de los d\u00edas de la familia y la no violencia contra la mujer<\/p>\n\n\n\n<p>Y\n dentro un sistema pol\u00edtico, electoral y de partidos,&nbsp; complicado y \nconfundido, difuso y confusor, que pone en peligro la factibilidad de \ncambiar el mal camino por el que vamos.<\/p>\n","protected":false},"excerpt":{"rendered":"<p>Por: Ing. Guillermo Caram Vicepresidente, Partido Reformista Social Cristiano (PRSC) Republica Dominicana La naci\u00f3n, nuestra democracia, necesita pol\u00edticos que propicien pol\u00edticas centradas y equilibrados para encarar adecuadamente incertidumbres, turbulencias, radicalizaciones,&hellip; <\/p>\n","protected":false},"author":2,"featured_media":554,"comment_status":"open","ping_status":"open","sticky":false,"template":"","format":"standard","meta":{"fifu_image_url":"","fifu_image_alt":"","footnotes":""},"categories":[63,57],"tags":[],"class_list":["post-553","post","type-post","status-publish","format-standard","has-post-thumbnail","hentry","category-actualidad","category-noticias-destacadas"],"_links":{"self":[{"href":"https:\/\/elmundodelapolitica.com\/v1\/wp-json\/wp\/v2\/posts\/553","targetHints":{"allow":["GET"]}}],"collection":[{"href":"https:\/\/elmundodelapolitica.com\/v1\/wp-json\/wp\/v2\/posts"}],"about":[{"href":"https:\/\/elmundodelapolitica.com\/v1\/wp-json\/wp\/v2\/types\/post"}],"author":[{"embeddable":true,"href":"https:\/\/elmundodelapolitica.com\/v1\/wp-json\/wp\/v2\/users\/2"}],"replies":[{"embeddable":true,"href":"https:\/\/elmundodelapolitica.com\/v1\/wp-json\/wp\/v2\/comments?post=553"}],"version-history":[{"count":0,"href":"https:\/\/elmundodelapolitica.com\/v1\/wp-json\/wp\/v2\/posts\/553\/revisions"}],"wp:featuredmedia":[{"embeddable":true,"href":"https:\/\/elmundodelapolitica.com\/v1\/wp-json\/wp\/v2\/media\/554"}],"wp:attachment":[{"href":"https:\/\/elmundodelapolitica.com\/v1\/wp-json\/wp\/v2\/media?parent=553"}],"wp:term":[{"taxonomy":"category","embeddable":true,"href":"https:\/\/elmundodelapolitica.com\/v1\/wp-json\/wp\/v2\/categories?post=553"},{"taxonomy":"post_tag","embeddable":true,"href":"https:\/\/elmundodelapolitica.com\/v1\/wp-json\/wp\/v2\/tags?post=553"}],"curies":[{"name":"wp","href":"https:\/\/api.w.org\/{rel}","templated":true}]}}