{"id":5520,"date":"2023-10-20T13:06:54","date_gmt":"2023-10-20T17:06:54","guid":{"rendered":"https:\/\/elmundodelapolitica.com\/v1\/?p=5520"},"modified":"2023-10-20T13:06:56","modified_gmt":"2023-10-20T17:06:56","slug":"fondo-monetario-internacional-evaluara-la-gestion-de-la-inversion-publica-en-el-pais","status":"publish","type":"post","link":"https:\/\/elmundodelapolitica.com\/v1\/fondo-monetario-internacional-evaluara-la-gestion-de-la-inversion-publica-en-el-pais\/","title":{"rendered":"Fondo Monetario Internacional evaluar\u00e1 la gesti\u00f3n de la inversi\u00f3n p\u00fablica en el pa\u00eds"},"content":{"rendered":"\n<p>Santo Domingo.- El Gobierno dominicano, a trav\u00e9s del&nbsp;<strong>Ministerio de Econom\u00eda, Planificaci\u00f3n y Desarrollo, el de Hacienda y el de Medio Ambiente y Recursos Naturales<\/strong>, sostuvo un encuentro con una misi\u00f3n del Fondo Monetario Internacional&nbsp;<strong>(FMI)<\/strong>&nbsp;para dar inicio a la implementaci\u00f3n en el pa\u00eds de una evaluaci\u00f3n de la<strong>&nbsp;gesti\u00f3n de la inversi\u00f3n p\u00fablica (PIMA, por sus siglas en ingl\u00e9s)<\/strong>&nbsp;y una evaluaci\u00f3n de la&nbsp;<strong>gesti\u00f3n de la inversi\u00f3n p\u00fablica sobre el cambio clim\u00e1tico (C-PIMA).<\/strong><\/p>\n\n\n\n<p>PIMA es un marco integral para evaluar las&nbsp;<strong>pr\u00e1cticas de gobernanza de infraestructura<\/strong>&nbsp;para pa\u00edses en todos los niveles de desarrollo econ\u00f3mico. Esta evaluaci\u00f3n analiza<strong>&nbsp;15 dimensiones<\/strong>&nbsp;involucradas en las&nbsp;<strong>tres etapas<\/strong>&nbsp;del ciclo de inversi\u00f3n p\u00fablica:&nbsp;<strong>planificaci\u00f3n, asignaci\u00f3n de recursos y ejecuci\u00f3n de los proyectos.<\/strong><\/p>\n\n\n\n<p>Mientras que C-PIMA a\u00f1ade una dimensi\u00f3n clim\u00e1tica y eval\u00faa la capacidad de los pa\u00edses para gestionar la&nbsp;<strong>infraestructura relacionada con el clima<\/strong>. Esta evaluaci\u00f3n permitir\u00e1 identificar \u00e1reas de mejoras en los procesos de inversi\u00f3n p\u00fablica, para mayor eficiencia en el uso de los recursos p\u00fablicos.<\/p>\n\n\n\n<p><strong>El ministro de Econom\u00eda, P\u00e1vel Isa Contreras, indag\u00f3 detalladamente&nbsp;<\/strong>sobre los resultados de los&nbsp;<strong>indicadores y herramientas&nbsp;<\/strong>que emplean estas evaluaciones, que han sido aplicadas en 93 pa\u00edses en el caso de PIMA y 40 en el caso de C-PIMA.<\/p>\n\n\n\n<p>Adem\u00e1s,&nbsp;<strong>el ministro de Hacienda, Jos\u00e9 Manuel Vicente<\/strong>, expres\u00f3 que el organismo internacional puede contar con todo el apoyo del Gobierno dominicano para implementar esta iniciativa en busca de&nbsp;<strong>mejorar la toma de decisiones, as\u00ed como el control y monitoreo de la inversi\u00f3n p\u00fablica.<\/strong><\/p>\n\n\n\n<p>A su vez, el&nbsp;<strong>ministro de Medio Ambiente, Miguel Ceara Hatton<\/strong>, record\u00f3 la importancia de que las&nbsp;<strong>entidades gubernamentales act\u00faen de manera coordinada<\/strong>&nbsp;ante este tipo de asistencia t\u00e9cnica.<\/p>\n\n\n\n<p><strong>Virginia Alonso Albarr\u00e1n<\/strong>, economista principal en la Divisi\u00f3n de Gesti\u00f3n Financiera P\u00fablica del FMI, explic\u00f3 que la&nbsp;<strong>brecha de eficiencia<\/strong>&nbsp;de la gesti\u00f3n de la inversi\u00f3n p\u00fablica en Am\u00e9rica Latina y el Caribe (LAC) es de un&nbsp;<strong>29 %<\/strong>&nbsp;respecto de los pa\u00edses m\u00e1s eficientes, cifra similar a la de mercados emergentes.<\/p>\n\n\n\n<p>Sostuvo que para alcanzar&nbsp;<strong>los objetivos de desarrollo sostenible (ODS)<\/strong>&nbsp;y avanzar seg\u00fan lo previsto hacia los prop\u00f3sitos fijados en el&nbsp;<strong>Acuerdo de Par\u00eds<\/strong>, el costo de capital anual promedio para LAC ser\u00eda de&nbsp;<strong>3.4 %<\/strong>&nbsp;del producto interno bruto (PIB) regional hasta 2030.<\/p>\n\n\n\n<p>Se\u00f1al\u00f3 que las&nbsp;<strong>necesidades de inversi\u00f3n<\/strong>&nbsp;en infraestructura&nbsp;<strong>son algo menores<\/strong>&nbsp;en LAC que en otras regiones para alcanzar los ODS,&nbsp;<strong>pero sustanciales<\/strong>.<\/p>\n\n\n\n<p>La economista plante\u00f3 que, en promedio, una&nbsp;<strong>mejor gobernanza<\/strong>&nbsp;de la infraestructura podr\u00eda compensar m\u00e1s de la mitad de las&nbsp;<strong>p\u00e9rdidas de eficiencia observadas<\/strong>&nbsp;y reiter\u00f3 la necesidad de fortalecer la gobernanza de la infraestructura para reducir esta brecha.<\/p>\n\n\n\n<p>En la reuni\u00f3n, efectuada de manera virtual, tambi\u00e9n participaron el director general de Inversi\u00f3n P\u00fablica del Ministerio de Econom\u00eda,&nbsp;<strong>Mart\u00edn Francos<\/strong>, y el director general de Presupuesto del Ministerio de Hacienda,&nbsp;<strong>Jos\u00e9 Rijo Presbot<\/strong>.<\/p>\n","protected":false},"excerpt":{"rendered":"<p>Santo Domingo.- El Gobierno dominicano, a trav\u00e9s del&nbsp;Ministerio de Econom\u00eda, Planificaci\u00f3n y Desarrollo, el de Hacienda y el de Medio Ambiente y Recursos Naturales, sostuvo un encuentro con una misi\u00f3n&hellip; <\/p>\n","protected":false},"author":2,"featured_media":5521,"comment_status":"open","ping_status":"open","sticky":false,"template":"","format":"standard","meta":{"fifu_image_url":"","fifu_image_alt":"","footnotes":""},"categories":[1],"tags":[],"class_list":["post-5520","post","type-post","status-publish","format-standard","has-post-thumbnail","hentry","category-sin-categoria"],"_links":{"self":[{"href":"https:\/\/elmundodelapolitica.com\/v1\/wp-json\/wp\/v2\/posts\/5520","targetHints":{"allow":["GET"]}}],"collection":[{"href":"https:\/\/elmundodelapolitica.com\/v1\/wp-json\/wp\/v2\/posts"}],"about":[{"href":"https:\/\/elmundodelapolitica.com\/v1\/wp-json\/wp\/v2\/types\/post"}],"author":[{"embeddable":true,"href":"https:\/\/elmundodelapolitica.com\/v1\/wp-json\/wp\/v2\/users\/2"}],"replies":[{"embeddable":true,"href":"https:\/\/elmundodelapolitica.com\/v1\/wp-json\/wp\/v2\/comments?post=5520"}],"version-history":[{"count":1,"href":"https:\/\/elmundodelapolitica.com\/v1\/wp-json\/wp\/v2\/posts\/5520\/revisions"}],"predecessor-version":[{"id":5522,"href":"https:\/\/elmundodelapolitica.com\/v1\/wp-json\/wp\/v2\/posts\/5520\/revisions\/5522"}],"wp:featuredmedia":[{"embeddable":true,"href":"https:\/\/elmundodelapolitica.com\/v1\/wp-json\/wp\/v2\/media\/5521"}],"wp:attachment":[{"href":"https:\/\/elmundodelapolitica.com\/v1\/wp-json\/wp\/v2\/media?parent=5520"}],"wp:term":[{"taxonomy":"category","embeddable":true,"href":"https:\/\/elmundodelapolitica.com\/v1\/wp-json\/wp\/v2\/categories?post=5520"},{"taxonomy":"post_tag","embeddable":true,"href":"https:\/\/elmundodelapolitica.com\/v1\/wp-json\/wp\/v2\/tags?post=5520"}],"curies":[{"name":"wp","href":"https:\/\/api.w.org\/{rel}","templated":true}]}}