{"id":551,"date":"2020-01-15T12:40:29","date_gmt":"2020-01-15T16:40:29","guid":{"rendered":"http:\/\/www.elmundodelapolitica.com\/v2\/?p=19081"},"modified":"2020-01-15T12:40:29","modified_gmt":"2020-01-15T16:40:29","slug":"2020-quien-nos-retara-a-conquistar-la-luna","status":"publish","type":"post","link":"https:\/\/elmundodelapolitica.com\/v1\/2020-quien-nos-retara-a-conquistar-la-luna\/","title":{"rendered":"2020: \u00bfQui\u00e9n nos retar\u00e1 a conquistar la Luna?"},"content":{"rendered":"\n<p>Por: Arq.<strong>Rodolfo R. Pou<\/strong>&lt;<a rel=\"noreferrer noopener\" href=\"mailto:rrpoum@gmail.com\" target=\"_blank\">rrpoum@gmail.com<\/a>><br><strong>CEO,<\/strong> Quadra Group International<\/p>\n\n\n\n<p>\n<em>Puede\nque este escrito se pierda en el ruido del proceso vigente electoral\nque arropa a Rep\u00fablica Dominicana. No obstante, hace tres oto\u00f1os,\ncompromet\u00ed cada cierre de calendario, a un periodo de reflexi\u00f3n\nsobre el a\u00f1o entrante. De la introversi\u00f3n, di palabra de fijar un\ncomunicado. Una visi\u00f3n inteligible de propuestas optimistas,\nresponsables y sensatas. Escritas todas, a trav\u00e9s del lente de un\ndominicano en el exterior y en favor de la naci\u00f3n dominicana.<\/em><\/p>\n\n\n\n<p>\nDesde\nla ef\u00edmera Mag\u00fc\u00e1 de los ausentes, y en el\nvac\u00edo donde cuelga el blanco pardo sat\u00e9lite que ilumina las noches\nde \u201clos de fuera\u201d, ah\u00ed desde donde se ve la tierra a lo lejos,\nes que implanto mi motivaci\u00f3n para el peculiar a\u00f1o de dos\nvig\u00e9simos.<strong>\n<\/strong>Remoto\nde los arrecifes que me defin\u00edan, y que hoy, rodeado de las\ncorrientes del capitalismo que ofreci\u00f3 nueva Patria y sue\u00f1o\nan\u00f3nimo, a todo aquel que se ausentara en favor de su emancipaci\u00f3n,\nfijo una postura aspiracional para&nbsp;la naci\u00f3n dominicana, conexa\nal nuevo a\u00f1o. \n<\/p>\n\n\n\n<p>\nA\npesar de que esta\ncavilaci\u00f3n\npuede que sea diluida a espaldas de la atenci\u00f3n que guarda el pueblo\nde Duarte, Bosch y Minerva sobre el actual proceso democr\u00e1tico, a\u00fan\nopto por plasmarla, por la sostenibilidad que requiere el resultado\nde la contienda de donde surgir\u00e1 quien posiblemente impacte\nlos destinos de generaciones completas, en la isla y en la di\u00e1spora.<\/p>\n\n\n\n<p>\n<em><strong>El\ncierre de la segunda d\u00e9cada de igual cantidad de milenios,\nrepresenta un precioso aniversario para la humanidad. Uno, cuyo\nsimbolismo valida su evoluci\u00f3n, su prop\u00f3sito, su libertad y su\nporvenir.<\/strong><\/em><\/p>\n\n\n\n<p>\nEn\nel 2019, se conmemoraron cincuenta a\u00f1os desde que el hombre pisara\nla Luna. Fue el 20 de julio de 1969, con el alunizaje de los\nastronautas estadounidenses Neil Armstrong y Edwin \"Buzz\"\nAldrin, que el reto que pronunciara siete a\u00f1os antes el presidente\nde los Estados Unidos, John Fitzgerald Kennedy, quedara cumplido. En\nel cierre del verano del \u201862, sin aun haber cumplido veinticuatro\nmeses de gesti\u00f3n, el presidente Kennedy pronunci\u00f3 un discurso en el\nEstadio de la Universidad Rice, frente a m\u00e1s de 40,000 personas. En\nlas l\u00edneas centrales de esa alocuci\u00f3n, estableci\u00f3 el desaf\u00edo.<\/p>\n\n\n\n<p>\nEl\nmandatario, de manera sutil y persuasiva, enfoc\u00f3 el concepto como\n\u201cideal\u201d. Uno superior a las evidentes desigualdades sociales, las\nirreparables herencias hist\u00f3ricas y las incorrecciones pol\u00edticas,\nque la naci\u00f3n venia enfrentando desde su instauraci\u00f3n, hac\u00edan casi\ndos siglos. Y lo hizo, motivando\na sus ciudadanos a que, como naci\u00f3n, se atrevieran a alcanzar la\nLuna, antes de que concluyera la d\u00e9cada. \n<\/p>\n\n\n\n<p>\nLas\nincitaciones que condujeron a esas frases, pueden resumirse en dos\nintenciones complementarias. Ambas pol\u00edticas, una de car\u00e1cter\nexterior y la otra, de interior. La original\npartir\u00eda del simbolismo que guardar\u00eda superar a los rusos y su\nprograma espacial en alcanzar la esfera iluminada de la noche, luego\nde haber mostrado superioridad en alcanzar el espacio, antes que los\nEstados Unidos. La otra persuasi\u00f3n y no menos importante, lo fue el\ncolocar a la poblaci\u00f3n en un\u00edsono, alrededor de una meta com\u00fan: de\norgullo, de visi\u00f3n, de perspectiva, de patriotismo, de posibilidad.\nAlgo simb\u00f3lico para la poblaci\u00f3n y para la historia. Un ideal.<\/p>\n\n\n\n<p>\nPor\nlo tanto, visto la incertidumbre pol\u00edtica que el nuevo a\u00f1o presenta\npara la Rep\u00fablica Dominicana, y el interno descontento de sus\nciudadanos con los l\u00edderes que luchan por representarles, es que veo\nla necesidad de que uno de ellos se atreva a ofrecer un ideal, m\u00e1s\nall\u00e1 de la realidad que define la cotidianidad de sus realidades.\nPorque\nen este perentorio instante de nuestra historia, con una sucesi\u00f3n de\npuntos de inflexi\u00f3n afines a un espect\u00e1culo pol\u00edtico cambiante, un\nambiente belicoso, descubrimientos tecnol\u00f3gicos y duelo social,\nsiento que no podemos darnos el lujo de hacer lo que vayamos a hacer,\na largo plazo. Necesitamos una ruptura inmediata. &nbsp; \n<\/p>\n\n\n\n<p>\nPor\nel hecho de que en la\nPatria no hay\nor\u00e1culos,<strong>\n<\/strong>es\nque el pueblo siente la tentaci\u00f3n de mirar hacia atr\u00e1s y ver las\ncosas de manera positiva. Y a su vez, hacia adelante de manera\ndisuasoria y negativa cuando ve hacia el futuro. Por ello es vital\nque alguien\nllegue para proponer un\nideal del cual todos podamos sentirnos orgullosos. En el cual todos\nalcancemos a aportar. Del cual todos cedamos tiempo y ofertemos\ndedicaci\u00f3n para lograrlo. Aunque sea con la proyecci\u00f3n positiva del\ndeseo. \n<\/p>\n\n\n\n<p>\nPorque\nsi bien es importante reconocer lo que hemos alcanzado, no debemos\nguisarnos en nuestra propia salsa, mirando hacia el pasado por\nrespuestas. Como tampoco debemos temer vislumbrar escenas futuras que\nest\u00e1n continuamente en constante cambio.&nbsp;Justo en este momento\nde descontento y perplejidad socioecon\u00f3mica y pol\u00edtica, el optar\npor aspirar a algo que pudiese ser hasta imposible, termina por\nreenfocar un Norte muy lejos de la discordia y la caja de resonancia\nde m\u00e1s de ocho d\u00e9cadas.   \n<\/p>\n\n\n\n<p>\n<em><strong>Este\nes un instante de acaecimiento.&nbsp;Por ello debemos ver hacia el\nfuturo y ambicionar yuxtapuestos a qu\u00e9 se germinar\u00e1n cosas\nimposibles de este estado que parece de emergencia.<\/strong><\/em><\/p>\n\n\n\n<p>\nPara\nnosotros, nuestra visi\u00f3n para el futuro es humana y resistente.&nbsp;Una\nde mentalidad m\u00e1s inclusiva, diversa e inter-seccional. Enfocada en\nel futuro y en la innovaci\u00f3n m\u00e1s all\u00e1 de lo cotidiano, de los\nmismos pleitos que a\u00fan no superamos. Incluso hasta de lo cultural\nque a veces tanto nos define y mucho m\u00e1s nos impide. Visualizo\nalcanzar una \u201cLuna\u201d relevante y con prop\u00f3sito, y lo que es m\u00e1s\nimportante, m\u00e1s brillante.&nbsp;Con una real Justicia. Una real\nestructura Institucional. Una equidad real de acceso. Los pilares de\nla democracia solo as\u00ed pueden sostenerse.<\/p>\n\n\n\n<p>\nPara\nm\u00ed, esta nueva mentalidad es importante porque la agenda del l\u00edder\nde una naci\u00f3n, nunca ha sido m\u00e1s clara.&nbsp;Tenemos la\nresponsabilidad y el prop\u00f3sito de definir un pa\u00eds donde podamos\nmantener una alta calidad de vida, crear conexiones a trav\u00e9s de la\nmovilidad, alentar a las comunidades a ser m\u00e1s saludables, mientras\ncultivamos la educaci\u00f3n, tecnolog\u00eda, el civismo y el medio ambiente\nnatural en una balanza progresista.<\/p>\n\n\n\n<p>\nPodemos\nlograr estas ambiciones al acercar cada elemento m\u00e1s all\u00e1 de mentir\nsobre nuestro estado de analfabetismo y la misma econom\u00eda. Superando\nla cultura amarillista de hablar mal del otro o de buscar siempre\nsacar ventaja sobre aquel que tiene escasa propiedad y menos\nconocimiento. Para alcanzar el ideal de la \u201cLuna\u201d, debemos\nestablecer una ruptura con nuestro c\u00f3modo comportamiento hist\u00f3rico\ny ser tal cual es la econom\u00eda circular: bajo un sistema donde no\nhaya desperdicio, sino que todo es un recurso.&nbsp;<\/p>\n\n\n\n<p>Porque\ncontrariamente a la eventualidad de Macbeth que muchos candidatos a\nla presidencia dominicana poseen, todav\u00eda hay espacio para so\u00f1ar. Y\nes por ello lo vital de la pregunta. Aunque te parezca ingenuo\nhacerlo. \u00bfQui\u00e9n\nnos retar\u00e1 a conquistar la Luna? \u00bfQue\nl\u00edder se atrever\u00e1 a ofrec\u00e9rnosla? A proponernos que, lo imposible\nes posible. A atrevernos a optar por m\u00e1s, porque cree en nosotros y\nno porque es un slogan m\u00e1s de publicidad comercial o propaganda\npol\u00edtica. \n<\/p>\n\n\n\n<p>\n\u00a1Dec\u00eddete\na optar por aquello que parece imposible, pero que terminara por\nunirnos! Opta por la \u201cLuna\u201d. Planif\u00edcate para lograrlo.\nPrep\u00e1rate para alcanzarla. Los animo tanto como les prometo que,\ndesde la ci\u00e9naga del exterior, lugar donde abunda la dominicanidad\nsin tierra y lo quisqueyano sin sol, hay espacio para so\u00f1ar sobre la\nnaci\u00f3n que quieres. Aqu\u00ed, en la ef\u00edmera Mag\u00fc\u00e1 de los ausentes,\nhay lugares desde donde la Luna no se ve tan lejos. Desde donde lo\nposible depende de la actitud. Desde donde lo potencial obedece a lo\npositivo. \u00a1Atr\u00e9vete y se parte de la ruptura que crea un ideal!\nPorque la Naci\u00f3n que sue\u00f1as, a\u00fan existe.<\/p>\n\n\n\n<p>\nCuatro\u2026\ntres\u2026 dos\u2026 uno\u2026 \u00a1despegue!<\/p>\n\n\n\n<p>\n<strong>Aqu\u00ed\nel extracto del discurso de Kennedy. <\/strong>\n<\/p>\n\n\n\n<p>\n\u201c<em>Zarpamos\nen este nuevo mar porque hay nuevos conocimientos que ganar y nuevos\nderechos que ganar, y deben ganarse y utilizarse para el progreso de\ntodas las personas. La ciencia espacial, como la ciencia nuclear y\ntoda la tecnolog\u00eda, no tiene conciencia propia. Si se convertir\u00e1 en\nuna fuerza para bien o para mal depende del hombre\u2026  el espacio\npuede ser explorado y dominado sin alimentar los fuegos de la guerra,\nsin repetir los errores que el hombre ha cometido al extender su\nmandato por este mundo nuestro.<\/em><\/p>\n\n\n\n<p>\n<em>No\nhay conflictos, ni prejuicios, ni conflictos nacionales en el espacio\nultraterrestre todav\u00eda. Sus peligros son hostiles para todos\nnosotros. Su conquista merece lo mejor de toda la humanidad\u2026 Pero,\n\u00bfpor qu\u00e9, dicen algunos, la Luna? \u00bfPor qu\u00e9 elegir esto como\nnuestro objetivo? Y bien pueden preguntar, \u00bfpor qu\u00e9 escalar la\nmonta\u00f1a m\u00e1s alta? \u00bfPor qu\u00e9, hace 35 a\u00f1os, volar el Atl\u00e1ntico?<\/em><\/p>\n\n\n\n<p>\n<em>\u00a1Nosotros\nelegimos ir a la Luna! Elegimos ir a la Luna &#8230; Elegimos ir a la\nLuna en esta d\u00e9cada y hacer las otras cosas, no porque sean f\u00e1ciles,\nsino porque son dif\u00edciles; porque ese objetivo servir\u00e1 para\norganizar y medir lo mejor de nuestras energ\u00edas y habilidades,\nporque ese desaf\u00edo es uno que estamos dispuestos a aceptar, uno que\nno estamos dispuestos a posponer\u2026\u201d<\/em>\n\n<\/p>\n","protected":false},"excerpt":{"rendered":"<p>Por: Arq.Rodolfo R. Pou&lt;rrpoum@gmail.com>CEO, Quadra Group International Puede que este escrito se pierda en el ruido del proceso vigente electoral que arropa a Rep\u00fablica Dominicana. No obstante, hace tres oto\u00f1os,&hellip; <\/p>\n","protected":false},"author":2,"featured_media":552,"comment_status":"open","ping_status":"open","sticky":false,"template":"","format":"standard","meta":{"fifu_image_url":"","fifu_image_alt":"","footnotes":""},"categories":[63,57],"tags":[],"class_list":["post-551","post","type-post","status-publish","format-standard","has-post-thumbnail","hentry","category-actualidad","category-noticias-destacadas"],"_links":{"self":[{"href":"https:\/\/elmundodelapolitica.com\/v1\/wp-json\/wp\/v2\/posts\/551","targetHints":{"allow":["GET"]}}],"collection":[{"href":"https:\/\/elmundodelapolitica.com\/v1\/wp-json\/wp\/v2\/posts"}],"about":[{"href":"https:\/\/elmundodelapolitica.com\/v1\/wp-json\/wp\/v2\/types\/post"}],"author":[{"embeddable":true,"href":"https:\/\/elmundodelapolitica.com\/v1\/wp-json\/wp\/v2\/users\/2"}],"replies":[{"embeddable":true,"href":"https:\/\/elmundodelapolitica.com\/v1\/wp-json\/wp\/v2\/comments?post=551"}],"version-history":[{"count":0,"href":"https:\/\/elmundodelapolitica.com\/v1\/wp-json\/wp\/v2\/posts\/551\/revisions"}],"wp:featuredmedia":[{"embeddable":true,"href":"https:\/\/elmundodelapolitica.com\/v1\/wp-json\/wp\/v2\/media\/552"}],"wp:attachment":[{"href":"https:\/\/elmundodelapolitica.com\/v1\/wp-json\/wp\/v2\/media?parent=551"}],"wp:term":[{"taxonomy":"category","embeddable":true,"href":"https:\/\/elmundodelapolitica.com\/v1\/wp-json\/wp\/v2\/categories?post=551"},{"taxonomy":"post_tag","embeddable":true,"href":"https:\/\/elmundodelapolitica.com\/v1\/wp-json\/wp\/v2\/tags?post=551"}],"curies":[{"name":"wp","href":"https:\/\/api.w.org\/{rel}","templated":true}]}}