{"id":5499,"date":"2023-10-19T19:54:23","date_gmt":"2023-10-19T23:54:23","guid":{"rendered":"https:\/\/elmundodelapolitica.com\/v1\/?p=5499"},"modified":"2023-10-19T19:54:26","modified_gmt":"2023-10-19T23:54:26","slug":"ministro-alvarez-gil-asegura-rd-estrategicamente-posicionada-ante-la-comunidad-internacional","status":"publish","type":"post","link":"https:\/\/elmundodelapolitica.com\/v1\/ministro-alvarez-gil-asegura-rd-estrategicamente-posicionada-ante-la-comunidad-internacional\/","title":{"rendered":"Ministro \u00c1lvarez Gil asegura RD estrat\u00e9gicamente posicionada ante la comunidad internacional"},"content":{"rendered":"\n<p>SANTO DOMINGO, R.D. Octubre 19, 2023.-&nbsp;Durante su participaci\u00f3n como orador invitado y hu\u00e9sped de honor en el almuerzo-conferencia mensual de AMCHAMDR, el canciller \u00c1lvarez afirm\u00f3 que este gobierno ha implementado su programa de pol\u00edtica exterior en un contexto de madurez interna que ha impulsado las relaciones internacionales del pa\u00eds a un nuevo estadio, cuestionando y revisando viejos postulados e imprimiendo un nuevo dinamismo a su rol regional y en los organismos multilaterales.<\/p>\n\n\n\n<p>\u201cEste a\u00f1o ha sido de grandes retos y logros importantes. Abordemos primero la relaci\u00f3n con Hait\u00ed que es el tema palpitante y de mayor impacto. Tanto para la pol\u00edtica interna como para la pol\u00edtica exterior, el tema haitiano es y ha sido de importancia capital y parte esencial del inter\u00e9s nacional dominicano. El gobierno dominicano siempre ha postulado que la soluci\u00f3n a la crisis de Hait\u00ed s\u00f3lo puede surgir de un di\u00e1logo amplio y de buena fe entre los propios haitianos. A la vez, hemos sostenido que corresponde a la comunidad internacional apoyar a Hait\u00ed en la creaci\u00f3n de las condiciones necesarias para este di\u00e1logo\u201d, record\u00f3 el diplom\u00e1tico.<\/p>\n\n\n\n<p>\u00c1lvarez destac\u00f3 que Rep\u00fablica Dominicana adopt\u00f3 una ofensiva diplom\u00e1tica para que la comunidad internacional fuera en ayuda de Hait\u00ed. Logrando cuatro resoluciones del Consejo de Seguridad de la ONU, una de ellas que aprueba el despliegue de una Misi\u00f3n Multinacional para la Seguridad en ese pa\u00eds.<\/p>\n\n\n\n<p>\u201cEsto nos lleva a reflexionar sobre el lastimosamente c\u00e9lebre canal que se construye de manera ilegal y unilateral sobre el r\u00edo Dajab\u00f3n. Desde Hait\u00ed se ha lanzado la falsa acusaci\u00f3n de que nosotros los dominicanos no queremos compartir las aguas binacionales. Esto es una falacia que adem\u00e1s de err\u00f3nea sirve para confundir a su propia poblaci\u00f3n, y es totalmente injusta\u201d, afirm\u00f3 Roberto \u00c1lvarez.<\/p>\n\n\n\n<p>El canciller se\u00f1al\u00f3 que el pa\u00eds recibi\u00f3 esta semana a la misi\u00f3n de la OEA que levant\u00f3 informaci\u00f3n sobre el canal, \u201cAhora falta que Hait\u00ed cumpla con su obligaci\u00f3n de recibir a esa comisi\u00f3n y permitirle acceso a la obra y ofrecer la documentaci\u00f3n t\u00e9cnica que la soporta\u201d, explic\u00f3.<\/p>\n\n\n\n<p>Sobre las relaciones con Estados Unidos, \u00c1lvarez reafirm\u00f3 que este es el principal socio comercial de Rep\u00fablica Dominicana, un aliado estrat\u00e9gico y el hogar de cerca del 20% de los dominicanos.<\/p>\n\n\n\n<p>\u201cHemos fortalecido la cooperaci\u00f3n bilateral como lo demuestran varios di\u00e1logos de alto nivel que destacan la confianza mutua y la cooperaci\u00f3n. El ingreso de Rep\u00fablica Dominicana al programa&nbsp;<em>Global Entry<\/em>&nbsp;es un hito que refleja nuestro crecimiento institucional y la estrecha relaci\u00f3n, abriendo oportunidades para el turismo, comercio e inversi\u00f3n\u201d, agreg\u00f3.<\/p>\n\n\n\n<p>El ministro de Relaciones Exteriores detall\u00f3 que, de acuerdo con datos del&nbsp;<em>US Trade Representative<\/em>, el comercio de bienes y servicios bilateral fue de 30 mil 500 millones de d\u00f3lares el a\u00f1o pasado. \u201cDe estas, nuestras exportaciones sumaron 13 mil quinientos millones de d\u00f3lares, y las importaciones 17 mil millones de d\u00f3lares. El mercado estadounidense representa el 50% de nuestras exportaciones\u201d, afirm\u00f3 el canciller.<\/p>\n\n\n\n<p>La ocasi\u00f3n fue propicia para que Roberto \u00c1lvarez destacara la proyecci\u00f3n internacional que ha cobrado el pa\u00eds, teniendo un acercamiento estrat\u00e9gico con Estados del Caribe como Jamaica, Guyana, Surinam y Bahamas, superando la situaci\u00f3n de vecinos indiferentes que manten\u00edamos con los pa\u00edses del entorno; la celebraci\u00f3n en Santo Domingo de la XXVIII Cumbre Iberoamericana de Jefas y Jefes de Estado y de Gobierno; la elecci\u00f3n para ser sede de la d\u00e9cima Cumbre de las Am\u00e9ricas en el 2025; y el asiento que ocupar\u00e1 Rep\u00fablica Dominicana en el Consejo de Derechos Humanos de la Organizaci\u00f3n de las Naciones Unidas para el per\u00edodo 2024-2026, entre otros importantes logros.<\/p>\n\n\n\n<figure class=\"wp-block-image\"><img decoding=\"async\" src=\"blob:https:\/\/elmundodelapolitica.com\/eedf8342-a746-46cc-9428-476aa34b0ac8\" alt=\"\"\/><\/figure>\n","protected":false},"excerpt":{"rendered":"<p>SANTO DOMINGO, R.D. Octubre 19, 2023.-&nbsp;Durante su participaci\u00f3n como orador invitado y hu\u00e9sped de honor en el almuerzo-conferencia mensual de AMCHAMDR, el canciller \u00c1lvarez afirm\u00f3 que este gobierno ha implementado&hellip; <\/p>\n","protected":false},"author":2,"featured_media":5500,"comment_status":"open","ping_status":"open","sticky":false,"template":"","format":"standard","meta":{"fifu_image_url":"","fifu_image_alt":"","footnotes":""},"categories":[23],"tags":[],"class_list":["post-5499","post","type-post","status-publish","format-standard","has-post-thumbnail","hentry","category-comercio-internacional"],"_links":{"self":[{"href":"https:\/\/elmundodelapolitica.com\/v1\/wp-json\/wp\/v2\/posts\/5499","targetHints":{"allow":["GET"]}}],"collection":[{"href":"https:\/\/elmundodelapolitica.com\/v1\/wp-json\/wp\/v2\/posts"}],"about":[{"href":"https:\/\/elmundodelapolitica.com\/v1\/wp-json\/wp\/v2\/types\/post"}],"author":[{"embeddable":true,"href":"https:\/\/elmundodelapolitica.com\/v1\/wp-json\/wp\/v2\/users\/2"}],"replies":[{"embeddable":true,"href":"https:\/\/elmundodelapolitica.com\/v1\/wp-json\/wp\/v2\/comments?post=5499"}],"version-history":[{"count":2,"href":"https:\/\/elmundodelapolitica.com\/v1\/wp-json\/wp\/v2\/posts\/5499\/revisions"}],"predecessor-version":[{"id":5502,"href":"https:\/\/elmundodelapolitica.com\/v1\/wp-json\/wp\/v2\/posts\/5499\/revisions\/5502"}],"wp:featuredmedia":[{"embeddable":true,"href":"https:\/\/elmundodelapolitica.com\/v1\/wp-json\/wp\/v2\/media\/5500"}],"wp:attachment":[{"href":"https:\/\/elmundodelapolitica.com\/v1\/wp-json\/wp\/v2\/media?parent=5499"}],"wp:term":[{"taxonomy":"category","embeddable":true,"href":"https:\/\/elmundodelapolitica.com\/v1\/wp-json\/wp\/v2\/categories?post=5499"},{"taxonomy":"post_tag","embeddable":true,"href":"https:\/\/elmundodelapolitica.com\/v1\/wp-json\/wp\/v2\/tags?post=5499"}],"curies":[{"name":"wp","href":"https:\/\/api.w.org\/{rel}","templated":true}]}}