{"id":549,"date":"2020-03-04T12:54:46","date_gmt":"2020-03-04T16:54:46","guid":{"rendered":"http:\/\/www.elmundodelapolitica.com\/v2\/?p=19592"},"modified":"2020-03-04T12:54:46","modified_gmt":"2020-03-04T16:54:46","slug":"leonel-rechaza-consejo-economico-organice-el-dialogo","status":"publish","type":"post","link":"https:\/\/elmundodelapolitica.com\/v1\/leonel-rechaza-consejo-economico-organice-el-dialogo\/","title":{"rendered":"Leonel rechaza Consejo Econ\u00f3mico organice el di\u00e1logo"},"content":{"rendered":"\n<p>El candidato presidencial de la Fuerza del Pueblo (FP) y organizaciones pol\u00edtica aliadas, Leonel Fern\u00e1ndez, rechaza por inconstitucional que el Consejo Econ\u00f3mico y Social organice y conduzca el di\u00e1logo para superar la crisis pol\u00edtica electoral y propuso que en cualquier mesa de negociaci\u00f3n debe abrirse un espacio a una representaci\u00f3n de los j\u00f3venes que realizaron las recientes jornadas de protestas.<\/p>\n\n\n\n<p>Al dirigirse al pa\u00eds, a trav\u00e9s de una cadena de radio y televisi\u00f3n, Fern\u00e1ndez manifest\u00f3 que es criterio de la FP y del bloque de partidos aliados de que al haber desempe\u00f1ado la juventud dominicana un rol democr\u00e1tico de tanta trascendental en las recientes jornadas de defensa de la institucionalidad del pa\u00eds, deben tener una participaci\u00f3n relevante en la mesa de negociaciones.<\/p>\n\n\n\n<p>Fern\u00e1ndez indic\u00f3 que seg\u00fan el art\u00edculo 251 de la Constituci\u00f3n ese \u00f3rgano es consultivo y de concertaci\u00f3n social del Poder Ejecutivo en materia econ\u00f3mica, social y laboral y que al ser un \u00f3rgano del gobierno queda descalificado para servir de organizador del di\u00e1logo nacional.<\/p>\n\n\n\n<p>\u201cSiendo el Gobierno un actor de principal importancia en la crisis generada, carece de legitimidad para organizar y dirigir un di\u00e1logo cuyo prop\u00f3sito es, precisamente, superar la crisis de confianza que actualmente existe\u201d, expres\u00f3.<\/p>\n\n\n\n<p>Ve importante di\u00e1logo. Fern\u00e1ndez aclar\u00f3 que est\u00e1 consciente de la importancia de un di\u00e1logo nacional para solventar la crisis, lo que impuls\u00f3 desde el principio, pero que su objeci\u00f3n a que el Consejo Econ\u00f3mico y Social conduzca del di\u00e1logo, es debido a su car\u00e1cter inconstitucional y su ilegitimidad pol\u00edtica para realizarlo.<\/p>\n\n\n\n<p>\u201cAceptar un di\u00e1logo cuyo organizador carece de las facultades constitucionales de legitimidad pol\u00edtica para impulsarlo, es contrario al fortalecimiento del Estado Social y Democr\u00e1tico de Derecho, al que aspiramos y una nueva estocada institucional a la democracia dominicana\u201d, precis\u00f3.<\/p>\n\n\n\n<p>Fue enf\u00e1tico en decir que establecer la inconstitucionalidad del referido \u00f3rgano consultivo del Poder Ejecutivo para ser el centro de gravitaci\u00f3n del di\u00e1logo nacional, no constituye un mero acto de formalidad legal, sino que bajo cualquier circunstancia y condiciones, resulta imprescindible respetar y hacer respetar la Constituci\u00f3n. Fern\u00e1ndez se\u00f1al\u00f3 que no es su deseo impugnar las cualidades de honorabilidad y de capacidad de las personalidades integrantes de dicho Consejo Econ\u00f3mico y Social, ya que est\u00e1 consciente que de forma particular podr\u00edan hacer una importante contribuci\u00f3n en la b\u00fasqueda de soluciones de la actual crisis que agobia la naci\u00f3n.<\/p>\n\n\n\n<p>El tres veces presidente de la naci\u00f3n enfatiz\u00f3 que el Gobierno no debe empecinarse en desempe\u00f1ar un rol de mediaci\u00f3n, a trav\u00e9s de sus instituciones, en el \u2018di\u00e1logo tan anhelado por el pueblo dominicano\u2019.<br> Agrega debe limitarse a asumir su rol de parte del proceso y no generar obst\u00e1culos y dilaciones para su realizaci\u00f3n, sino contribuir, de forma franca y sincera a su culminaci\u00f3n exitosa en beneficio del pa\u00eds.<\/p>\n","protected":false},"excerpt":{"rendered":"<p>El candidato presidencial de la Fuerza del Pueblo (FP) y organizaciones pol\u00edtica aliadas, Leonel Fern\u00e1ndez, rechaza por inconstitucional que el Consejo Econ\u00f3mico y Social organice y conduzca el di\u00e1logo para&hellip; <\/p>\n","protected":false},"author":2,"featured_media":550,"comment_status":"closed","ping_status":"open","sticky":false,"template":"","format":"standard","meta":{"fifu_image_url":"","fifu_image_alt":"","footnotes":""},"categories":[63,57],"tags":[],"class_list":["post-549","post","type-post","status-publish","format-standard","has-post-thumbnail","hentry","category-actualidad","category-noticias-destacadas"],"_links":{"self":[{"href":"https:\/\/elmundodelapolitica.com\/v1\/wp-json\/wp\/v2\/posts\/549","targetHints":{"allow":["GET"]}}],"collection":[{"href":"https:\/\/elmundodelapolitica.com\/v1\/wp-json\/wp\/v2\/posts"}],"about":[{"href":"https:\/\/elmundodelapolitica.com\/v1\/wp-json\/wp\/v2\/types\/post"}],"author":[{"embeddable":true,"href":"https:\/\/elmundodelapolitica.com\/v1\/wp-json\/wp\/v2\/users\/2"}],"replies":[{"embeddable":true,"href":"https:\/\/elmundodelapolitica.com\/v1\/wp-json\/wp\/v2\/comments?post=549"}],"version-history":[{"count":0,"href":"https:\/\/elmundodelapolitica.com\/v1\/wp-json\/wp\/v2\/posts\/549\/revisions"}],"wp:featuredmedia":[{"embeddable":true,"href":"https:\/\/elmundodelapolitica.com\/v1\/wp-json\/wp\/v2\/media\/550"}],"wp:attachment":[{"href":"https:\/\/elmundodelapolitica.com\/v1\/wp-json\/wp\/v2\/media?parent=549"}],"wp:term":[{"taxonomy":"category","embeddable":true,"href":"https:\/\/elmundodelapolitica.com\/v1\/wp-json\/wp\/v2\/categories?post=549"},{"taxonomy":"post_tag","embeddable":true,"href":"https:\/\/elmundodelapolitica.com\/v1\/wp-json\/wp\/v2\/tags?post=549"}],"curies":[{"name":"wp","href":"https:\/\/api.w.org\/{rel}","templated":true}]}}