{"id":547,"date":"2020-06-11T16:22:03","date_gmt":"2020-06-11T20:22:03","guid":{"rendered":"http:\/\/www.elmundodelapolitica.com\/v2\/?p=21354"},"modified":"2020-06-11T16:22:03","modified_gmt":"2020-06-11T20:22:03","slug":"luis-abinader-revela-que-ha-dado-positivo-al-coronavirus","status":"publish","type":"post","link":"https:\/\/elmundodelapolitica.com\/v1\/luis-abinader-revela-que-ha-dado-positivo-al-coronavirus\/","title":{"rendered":"Luis Abinader revela que ha dado positivo al coronavirus"},"content":{"rendered":"\n<p>El candidato presidencial del Partido Revolucionario Moderno (PRM), Luis Abinader, anunci\u00f3 este mi\u00e9rcoles que ha dado positivo al coronavirus, luego de hacerse esta ma\u00f1ana la m\u00e1s reciente de las pruebas que acostumbra realizarse para conocer sobre su estado de salud con relaci\u00f3n a la pandemia.<\/p>\n\n\n\n<p>Abinader explic\u00f3 que tras iniciarse en el pa\u00eds las acciones para contrarrestar los devastadores efectos de la epidemia de coronavirus, empez\u00f3 a realizar una \u201cRuta Solidaria\u201d recorriendo todo el pa\u00eds llevando medicamentos, material de protecci\u00f3n de salud para personal m\u00e9dico y a ciudadanos en general, a trav\u00e9s de las Iglesias cat\u00f3lica y evang\u00e9lica, hospitales y organizaciones comunitarias.<\/p>\n\n\n\n<p>Declar\u00f3, a trav\u00e9s de sus redes sociales, que ofrec\u00eda la informaci\u00f3n al pueblo porque ha sido su norma la \u201ctransparencia\u201d y la \u201cclaridad\u201d en todo lo relacionado con su desempe\u00f1o, como corresponde a los dirigentes pol\u00edticos.<\/p>\n\n\n\n<p>El candidato presidencial del principal partido de oposici\u00f3n dijo que debido a esas actividades de la \u201cRuta Solidaria\u201d desarroll\u00f3 protocolos sanitarios que inclu\u00edan \u201cexhaustivas\u201d pruebas semanales, gracias a las cuales se detect\u00f3 hoy que tiene el contagio.<\/p>\n\n\n\n<p>Precis\u00f3 que los m\u00e9dicos consultados est\u00e1n optimistas y le han asegurado una recuperaci\u00f3n r\u00e1pida, pues no es un paciente de riesgo y desde ya est\u00e1 llevando de \u201cmanera estricta\u201d el tratamiento adecuado.<\/p>\n\n\n\n<p>Expuso que su condici\u00f3n de salud no presenta ning\u00fan s\u00edntoma adicional relevante, por lo que espera en unos pocos d\u00edas superar la enfermedad que ha afectado a miles de dominicanos.<\/p>\n\n\n\n<p>Asegur\u00f3 que su campa\u00f1a presidencial continuar\u00e1 a trav\u00e9s de todos los medios, as\u00ed como la de los candidatos congresuales y que adem\u00e1s mantendr\u00e1n activa la campa\u00f1a los dirigentes del PRM y fuerzas aliadas en todo el territorio nacional y en el exterior.<\/p>\n\n\n\n<p>El Ministerio de Salud P\u00fablica confirm\u00f3 este mi\u00e9rcoles 20,808 contagiados por el nuevo coronavirus COVID-19, con 550 fallecidos.<\/p>\n\n\n\n<p>En la jornada anterior se produjeron 393 contagios y 6 fallecimientos, de acuerdo con el bolet\u00edn 83 sobre la pandemia le\u00eddo en rueda de prensa virtual por el titular de Salud, Rafael S\u00e1nchez C\u00e1rdenas.<\/p>\n\n\n\n<p>Seg\u00fan la informaci\u00f3n, 12,318 personas ya se han recuperado tras contraer la enfermedad en el pa\u00eds.<\/p>\n","protected":false},"excerpt":{"rendered":"<p>El candidato presidencial del Partido Revolucionario Moderno (PRM), Luis Abinader, anunci\u00f3 este mi\u00e9rcoles que ha dado positivo al coronavirus, luego de hacerse esta ma\u00f1ana la m\u00e1s reciente de las pruebas&hellip; <\/p>\n","protected":false},"author":2,"featured_media":548,"comment_status":"closed","ping_status":"open","sticky":false,"template":"","format":"standard","meta":{"fifu_image_url":"","fifu_image_alt":"","footnotes":""},"categories":[63],"tags":[],"class_list":["post-547","post","type-post","status-publish","format-standard","has-post-thumbnail","hentry","category-actualidad"],"_links":{"self":[{"href":"https:\/\/elmundodelapolitica.com\/v1\/wp-json\/wp\/v2\/posts\/547","targetHints":{"allow":["GET"]}}],"collection":[{"href":"https:\/\/elmundodelapolitica.com\/v1\/wp-json\/wp\/v2\/posts"}],"about":[{"href":"https:\/\/elmundodelapolitica.com\/v1\/wp-json\/wp\/v2\/types\/post"}],"author":[{"embeddable":true,"href":"https:\/\/elmundodelapolitica.com\/v1\/wp-json\/wp\/v2\/users\/2"}],"replies":[{"embeddable":true,"href":"https:\/\/elmundodelapolitica.com\/v1\/wp-json\/wp\/v2\/comments?post=547"}],"version-history":[{"count":0,"href":"https:\/\/elmundodelapolitica.com\/v1\/wp-json\/wp\/v2\/posts\/547\/revisions"}],"wp:featuredmedia":[{"embeddable":true,"href":"https:\/\/elmundodelapolitica.com\/v1\/wp-json\/wp\/v2\/media\/548"}],"wp:attachment":[{"href":"https:\/\/elmundodelapolitica.com\/v1\/wp-json\/wp\/v2\/media?parent=547"}],"wp:term":[{"taxonomy":"category","embeddable":true,"href":"https:\/\/elmundodelapolitica.com\/v1\/wp-json\/wp\/v2\/categories?post=547"},{"taxonomy":"post_tag","embeddable":true,"href":"https:\/\/elmundodelapolitica.com\/v1\/wp-json\/wp\/v2\/tags?post=547"}],"curies":[{"name":"wp","href":"https:\/\/api.w.org\/{rel}","templated":true}]}}