{"id":5463,"date":"2023-10-18T16:00:53","date_gmt":"2023-10-18T20:00:53","guid":{"rendered":"https:\/\/elmundodelapolitica.com\/v1\/?p=5463"},"modified":"2023-10-18T16:00:53","modified_gmt":"2023-10-18T20:00:53","slug":"rd-sera-sede-de-reunion-de-directores-de-centros-de-instruccion-de-aviacion-civil-de-norteamerica-centroamerica-y-el-caribe","status":"publish","type":"post","link":"https:\/\/elmundodelapolitica.com\/v1\/rd-sera-sede-de-reunion-de-directores-de-centros-de-instruccion-de-aviacion-civil-de-norteamerica-centroamerica-y-el-caribe\/","title":{"rendered":"RD ser\u00e1 sede de reuni\u00f3n de directores de Centros de Instrucci\u00f3n de Aviaci\u00f3n Civil de Norteam\u00e9rica, Centroam\u00e9rica y el Caribe"},"content":{"rendered":"<div>\n<p>Punta Caucedo.-\u00a0<strong>Rep\u00fablica Dominicana<\/strong>, a trav\u00e9s de la Academia Superior de Ciencias Aeron\u00e1uticas\u00a0<strong>(ASCA)<\/strong>\u00a0del Instituto Dominicano de Aviaci\u00f3n Civil<strong>\u00a0(IDAC),\u00a0<\/strong>fue seleccionada como sede una reuni\u00f3n extraordinaria de los directores de\u00a0<strong>Centros de Instrucci\u00f3n de Aviaci\u00f3n Civil de las regiones\u00a0<\/strong>Norteam\u00e9rica, Centroam\u00e9rica y el<strong>\u00a0<\/strong>Caribe (NAM\/CAR), bajo el auspicio de la\u00a0<strong>Organizaci\u00f3n \u00a0de Aviaci\u00f3n Civil Internacional\u00a0<\/strong>(OACI).<\/p>\n<figure class=\"wp-block-image size-large\"><img loading=\"lazy\" data-attachment-id=\"33326\" data-permalink=\"https:\/\/elmundodelosnegocios.com.do\/v1\/index.php\/2023\/10\/18\/rd-sera-sede-de-reunion-de-directores-de-centros-de-instruccion-de-aviacion-civil-de-norteamerica-centroamerica-y-el-caribe\/directores-delegados-y-representantes-de-centros-de-instruccion-de-aviacion-civil-de-las-regiones-norteamerica-centroamerica-y-el-caribe\/\" data-orig-file=\"https:\/\/i0.wp.com\/elmundodelosnegocios.com.do\/v1\/wp-content\/uploads\/2023\/10\/Directores-delegados-y-representantes-de-centros-de-instruccion-de-Aviacion-Civil-de-las-regiones-Norteamerica-Centroamerica-y-el-Caribe.jpg?fit=1300%2C731&amp;ssl=1\" data-orig-size=\"1300,731\" data-comments-opened=\"0\" data-image-meta='{\"aperture\":\"0\",\"credit\":\"\",\"camera\":\"\",\"caption\":\"\",\"created_timestamp\":\"0\",\"copyright\":\"\",\"focal_length\":\"0\",\"iso\":\"0\",\"shutter_speed\":\"0\",\"title\":\"\",\"orientation\":\"0\"}' data-image-title=\"Directores-delegados-y-representantes-de-centros-de-instruccion-de-Aviacion-Civil-de-las-regiones-Norteamerica-Centroamerica-y-el-Caribe\" data-image-description=\"&lt;p&gt;Directores, delegados y representantes de centros de instruccio\u0301n de Aviacio\u0301n Civil de las regiones Norteame\u0301rica, Centroame\u0301rica y el Caribe&lt;\/p&gt;\n\" data-image-caption=\"&lt;p&gt;Directores, delegados y representantes de centros de instruccio\u0301n de Aviacio\u0301n Civil de las regiones Norteame\u0301rica, Centroame\u0301rica y el Caribe&lt;\/p&gt;\n\" data-medium-file=\"https:\/\/i0.wp.com\/elmundodelosnegocios.com.do\/v1\/wp-content\/uploads\/2023\/10\/Directores-delegados-y-representantes-de-centros-de-instruccion-de-Aviacion-Civil-de-las-regiones-Norteamerica-Centroamerica-y-el-Caribe.jpg?fit=300%2C169&amp;ssl=1\" data-large-file=\"https:\/\/i0.wp.com\/elmundodelosnegocios.com.do\/v1\/wp-content\/uploads\/2023\/10\/Directores-delegados-y-representantes-de-centros-de-instruccion-de-Aviacion-Civil-de-las-regiones-Norteamerica-Centroamerica-y-el-Caribe.jpg?fit=1024%2C576&amp;ssl=1\" decoding=\"async\" width=\"1024\" height=\"576\" src=\"https:\/\/i0.wp.com\/elmundodelosnegocios.com.do\/v1\/wp-content\/uploads\/2023\/10\/Directores-delegados-y-representantes-de-centros-de-instruccion-de-Aviacion-Civil-de-las-regiones-Norteamerica-Centroamerica-y-el-Caribe-1024x576.jpg?resize=1024,576&amp;ssl=1\" alt=\"\" class=\"wp-image-33326\" srcset=\"https:\/\/i0.wp.com\/elmundodelosnegocios.com.do\/v1\/wp-content\/uploads\/2023\/10\/Directores-delegados-y-representantes-de-centros-de-instruccion-de-Aviacion-Civil-de-las-regiones-Norteamerica-Centroamerica-y-el-Caribe.jpg?resize=1024%2C576&amp;ssl=1 1024w, https:\/\/i0.wp.com\/elmundodelosnegocios.com.do\/v1\/wp-content\/uploads\/2023\/10\/Directores-delegados-y-representantes-de-centros-de-instruccion-de-Aviacion-Civil-de-las-regiones-Norteamerica-Centroamerica-y-el-Caribe.jpg?resize=300%2C169&amp;ssl=1 300w, https:\/\/i0.wp.com\/elmundodelosnegocios.com.do\/v1\/wp-content\/uploads\/2023\/10\/Directores-delegados-y-representantes-de-centros-de-instruccion-de-Aviacion-Civil-de-las-regiones-Norteamerica-Centroamerica-y-el-Caribe.jpg?resize=768%2C432&amp;ssl=1 768w, https:\/\/i0.wp.com\/elmundodelosnegocios.com.do\/v1\/wp-content\/uploads\/2023\/10\/Directores-delegados-y-representantes-de-centros-de-instruccion-de-Aviacion-Civil-de-las-regiones-Norteamerica-Centroamerica-y-el-Caribe.jpg?w=1300&amp;ssl=1 1300w\" sizes=\"auto, (max-width: 1024px) 100vw, 1024px\" data-recalc-dims=\"1\"><figcaption class=\"wp-element-caption\">Directores, delegados y representantes de centros de instruccio\u0301n de Aviacio\u0301n Civil de las regiones Norteame\u0301rica, Centroame\u0301rica y el Caribe<\/figcaption><\/figure>\n<p><strong>Clara Fern\u00e1ndez<\/strong>, rectora de la ASCA y anfitriona de la actividad, explic\u00f3 que el objetivo central del encuentro es procesar la informaci\u00f3n de las diversas\u00a0<strong>propuestas y capacidades de los centros de capacitaci\u00f3n de la regi\u00f3n<\/strong>\u00a0representadas para mejorar la instrucci\u00f3n sostenible, con un enfoque orientado a garantizar la continuidad de la formaci\u00f3n del personal aeron\u00e1utico y el desarrollo de las competencias de los profesionales de la aviaci\u00f3n.<\/p>\n<p>Al ofrecer la bienvenida a los delegados internacionales en nombre del director del IDAC, H\u00e9ctor Porcella, Fern\u00e1ndez afirm\u00f3 que la reuni\u00f3n del Grupo de Trabajo de Centros de Instrucci\u00f3n de Aviaci\u00f3n de las Regiones NAM\/CAR, representar\u00e1 un importante paso de avance para responder al reto que plantea el acelerado crecimiento de la aviaci\u00f3n comercial en el continente.<\/p>\n<p>La actividad, pautada para llevarse a cabo el martes 17 y el mi\u00e9rcoles 18 de octubre en las instalaciones de la ASCA, en el complejo aeron\u00e1utico del IDAC, Punta Caucedo, procura\u00a0<strong>identificar necesidades de instrucci\u00f3n\u00a0<\/strong>en todas las \u00e1reas de la aviaci\u00f3n civil de cada Estado y compartir informaci\u00f3n sobre los recursos disponibles en sus respectivos centros de instrucci\u00f3n, incluyendo tecnolog\u00eda y el capital humano especializado.<\/p>\n<figure class=\"wp-block-image\"><img decoding=\"async\" src=\"https:\/\/i0.wp.com\/presidencia.gob.do\/sites\/default\/files\/inline-images\/Reunio\u0301n extraordinaria de los directores (NAM-CAR).jpg?w=1110&amp;ssl=1\" alt=\"\" data-recalc-dims=\"1\"><\/figure>\n<p>En el acto de apertura tambi\u00e9n intervino el director del Instituto Centroamericano de Capacitaci\u00f3n Aeron\u00e1utica\u00a0<strong>(ICCAE)<\/strong>\u00a0y representante de la Corporaci\u00f3n Centroamericana de Servicios de Navegaci\u00f3n A\u00e9rea\u00a0<strong>(COCESNA),<\/strong>\u00a0Ra\u00fal Melchor, quien adem\u00e1s funge como relator de esta reuni\u00f3n.<\/p>\n<p>Melchor destac\u00f3 que este tipo de encuentros es una oportunidad para que los centros de instrucci\u00f3n de la regi\u00f3n sean m\u00e1s sostenibles y, adem\u00e1s, resalt\u00f3 el\u00a0<strong>liderazgo que ha logrado la Rep\u00fablica Dominicana en materia de aviaci\u00f3n civil,<\/strong>\u00a0y de manera especial, en el campo de la capacitaci\u00f3n t\u00e9cnica y del personal especializado que demanda el sector.<\/p>\n<p>En la reuni\u00f3n participan los directores, delegados y representantes de los Centros de Instrucci\u00f3n de Aviaci\u00f3n Civil de las Regiones NAM\/CAR: Fernando Camargo, representante de la oficina regional OACI-NACC de M\u00e9xico; Samuel Philgence, de Barbados; Morwenna Minguel-Meijer, de Curazao; Omri Amaya Carias, de Honduras; Cary Price, de Trinidad &amp; Tobago; Deborah S. Stephenson y Adri\u00e1n M. Hoefer, de Estados Unidos; Jorge Luis Valverde y Rodolfo Valverde, de Costa Rica; Ana Persiani, de la Asociaci\u00f3n Latinoamericana y del Caribe de L\u00edneas A\u00e9reas (ALTA); Pedro Avella Carrillo, de la Oficina de Entrenamientos de la OACI; Vanessa Byas, George B\u00e1ez y Juan P\u00e9rez-Richiez, estos \u00faltimos, de Rep\u00fablica Dominicana.<\/p>\n<\/div>\n","protected":false},"excerpt":{"rendered":"<p>Punta Caucedo.-\u00a0Rep\u00fablica Dominicana, a trav\u00e9s de la Academia Superior de Ciencias Aeron\u00e1uticas\u00a0(ASCA)\u00a0del Instituto Dominicano de Aviaci\u00f3n Civil\u00a0(IDAC),\u00a0fue seleccionada como sede una reuni\u00f3n extraordinaria de los directores de\u00a0Centros de Instrucci\u00f3n de&hellip; <\/p>\n","protected":false},"author":2,"featured_media":5464,"comment_status":"closed","ping_status":"closed","sticky":false,"template":"","format":"standard","meta":{"fifu_image_url":"https:\/\/i0.wp.com\/elmundodelosnegocios.com.do\/v1\/wp-content\/uploads\/2023\/10\/Directores-delegados-y-representantes-de-centros-de-instruccion-de-Aviacion-Civil-de-las-regiones-Norteamerica-Centroamerica-y-el-Caribe-1024x576.jpg?resize=1024,576&ssl=1","fifu_image_alt":"RD ser\u00e1 sede de reuni\u00f3n de directores de Centros de Instrucci\u00f3n de Aviaci\u00f3n Civil de Norteam\u00e9rica, Centroam\u00e9rica y el Caribe","footnotes":""},"categories":[63],"tags":[],"class_list":["post-5463","post","type-post","status-publish","format-standard","has-post-thumbnail","hentry","category-actualidad"],"_links":{"self":[{"href":"https:\/\/elmundodelapolitica.com\/v1\/wp-json\/wp\/v2\/posts\/5463","targetHints":{"allow":["GET"]}}],"collection":[{"href":"https:\/\/elmundodelapolitica.com\/v1\/wp-json\/wp\/v2\/posts"}],"about":[{"href":"https:\/\/elmundodelapolitica.com\/v1\/wp-json\/wp\/v2\/types\/post"}],"author":[{"embeddable":true,"href":"https:\/\/elmundodelapolitica.com\/v1\/wp-json\/wp\/v2\/users\/2"}],"replies":[{"embeddable":true,"href":"https:\/\/elmundodelapolitica.com\/v1\/wp-json\/wp\/v2\/comments?post=5463"}],"version-history":[{"count":0,"href":"https:\/\/elmundodelapolitica.com\/v1\/wp-json\/wp\/v2\/posts\/5463\/revisions"}],"wp:featuredmedia":[{"embeddable":true,"href":"https:\/\/elmundodelapolitica.com\/v1\/wp-json\/wp\/v2\/media\/5464"}],"wp:attachment":[{"href":"https:\/\/elmundodelapolitica.com\/v1\/wp-json\/wp\/v2\/media?parent=5463"}],"wp:term":[{"taxonomy":"category","embeddable":true,"href":"https:\/\/elmundodelapolitica.com\/v1\/wp-json\/wp\/v2\/categories?post=5463"},{"taxonomy":"post_tag","embeddable":true,"href":"https:\/\/elmundodelapolitica.com\/v1\/wp-json\/wp\/v2\/tags?post=5463"}],"curies":[{"name":"wp","href":"https:\/\/api.w.org\/{rel}","templated":true}]}}