{"id":5461,"date":"2023-10-18T15:56:14","date_gmt":"2023-10-18T19:56:14","guid":{"rendered":"https:\/\/elmundodelapolitica.com\/v1\/?p=5461"},"modified":"2023-10-18T15:56:14","modified_gmt":"2023-10-18T19:56:14","slug":"el-ministro-de-turismo-se-reune-con-secretario-de-transporte-de-estados-unidos","status":"publish","type":"post","link":"https:\/\/elmundodelapolitica.com\/v1\/el-ministro-de-turismo-se-reune-con-secretario-de-transporte-de-estados-unidos\/","title":{"rendered":"El ministro de Turismo se re\u00fane con secretario de Transporte de Estados Unidos"},"content":{"rendered":"<div>\n<p>David Collado extern\u00f3 la intenci\u00f3n de RD de buscar igualdad de condiciones con l\u00edneas a\u00e9reas estadounidenses con acuerdo de cielos abiertos<\/p>\n<p>El ministro de\u00a0Turismo, David Collado, sostuvo una reuni\u00f3n el pasado viernes en Washington, D.C., con el secretario de transporte de los\u00a0Estados Unidos, Peter Buttigieg, y una comisi\u00f3n ampliada de su equipo, para conversar sobre la\u00a0conectividad a\u00e9rea\u00a0de las\u00a0l\u00edneas dominicanas\u00a0en\u00a0Estados Unidos, en miras de lograr el\u00a0<strong>acuerdo de Cielos Abiertos<\/strong>.<\/p>\n<div class=\"wp-block-image\">\n<figure class=\"aligncenter size-full\"><img data-attachment-id=\"33323\" data-permalink=\"https:\/\/elmundodelosnegocios.com.do\/v1\/index.php\/2023\/10\/18\/el-ministro-de-turismo-se-reune-con-secretario-de-transporte-de-estados-unidos\/collado-y-secretario-transoirte\/\" data-orig-file=\"https:\/\/i0.wp.com\/elmundodelosnegocios.com.do\/v1\/wp-content\/uploads\/2023\/10\/Collado-y-secretario-Transoirte.jpg?fit=1024%2C614&amp;ssl=1\" data-orig-size=\"1024,614\" data-comments-opened=\"0\" data-image-meta='{\"aperture\":\"0\",\"credit\":\"\",\"camera\":\"\",\"caption\":\"\",\"created_timestamp\":\"0\",\"copyright\":\"\",\"focal_length\":\"0\",\"iso\":\"0\",\"shutter_speed\":\"0\",\"title\":\"\",\"orientation\":\"0\"}' data-image-title=\"Collado-y-secretario-Transoirte\" data-image-description=\"\" data-image-caption=\"\" data-medium-file=\"https:\/\/i0.wp.com\/elmundodelosnegocios.com.do\/v1\/wp-content\/uploads\/2023\/10\/Collado-y-secretario-Transoirte.jpg?fit=300%2C180&amp;ssl=1\" data-large-file=\"https:\/\/i0.wp.com\/elmundodelosnegocios.com.do\/v1\/wp-content\/uploads\/2023\/10\/Collado-y-secretario-Transoirte.jpg?fit=1024%2C614&amp;ssl=1\" decoding=\"async\" loading=\"lazy\" width=\"1024\" height=\"614\" src=\"https:\/\/i0.wp.com\/elmundodelosnegocios.com.do\/v1\/wp-content\/uploads\/2023\/10\/Collado-y-secretario-Transoirte.jpg?resize=1024,614&amp;ssl=1\" alt=\"\" class=\"wp-image-33323\" srcset=\"https:\/\/i0.wp.com\/elmundodelosnegocios.com.do\/v1\/wp-content\/uploads\/2023\/10\/Collado-y-secretario-Transoirte.jpg?w=1024&amp;ssl=1 1024w, https:\/\/i0.wp.com\/elmundodelosnegocios.com.do\/v1\/wp-content\/uploads\/2023\/10\/Collado-y-secretario-Transoirte.jpg?resize=300%2C180&amp;ssl=1 300w, https:\/\/i0.wp.com\/elmundodelosnegocios.com.do\/v1\/wp-content\/uploads\/2023\/10\/Collado-y-secretario-Transoirte.jpg?resize=768%2C461&amp;ssl=1 768w\" sizes=\"auto, (max-width: 1024px) 100vw, 1024px\" data-recalc-dims=\"1\"><\/figure>\n<\/div>\n<p>El Secretario Buttigieg expres\u00f3 la satisfacci\u00f3n de trabajar con Rep\u00fablica Dominicana en los temas de\u00a0aviaci\u00f3n\u00a0y buscar\u00a0acuerdos\u00a0donde ambos pa\u00edses sean beneficiados, explica en una nota de prensa el Ministerio de\u00a0Turismo\u00a0(Mitur).<\/p>\n<p>Collado dijo que para el Gabinete de\u00a0Turismo, encabezado por el presidente Luis Abinader, es una prioridad fortalecer la\u00a0conectividad a\u00e9rea\u00a0de las\u00a0l\u00edneas a\u00e9reas\u00a0dominicanas y que estas puedan tener igualdad de condiciones con sus pares estadounidenses.<\/p>\n<p>Destacaron que tres millones de\u00a0norteamericanos\u00a0visitan Rep\u00fablica Dominicana cada a\u00f1o y m\u00e1s de 2.3 millones de\u00a0dominicanos\u00a0viven en\u00a0Estados Unidos.<\/p>\n<p>Al Secretario de Transporte de los\u00a0<strong>Estados Unidos<\/strong>\u00a0se reportan en la parte de\u00a0<strong>aviaci\u00f3n<\/strong>\u00a0la Federal Aviation Administration (FAA), que recientemente visit\u00f3 el pa\u00eds para evaluar los controles de\u00a0<strong>aviaci\u00f3n<\/strong>\u00a0por parte de autoridades locales, el Department of Transportation (DOT), entre otras \u00e1reas.<\/p>\n<p>Collado expuso que adem\u00e1s se aprovech\u00f3 la ocasi\u00f3n para obsequiarle un\u00a0<strong>libro de Fray Ant\u00f3n de Montesinos<\/strong>, en el se explica la importancia de este monumento para la historia del pa\u00eds, por ser el lugar donde se dio el primer grito en favor de los\u00a0Derechos Humanos\u00a0en el Nuevo Mundo.<\/p>\n<p>Mientras que el secretario le obsequi\u00f3 a los funcionarios dominicanos unos dulces de la fruta conocida como\u00a0El Rub\u00ed de Indiana. El Secretario fue alcalde de South Bend, en Indiana, entre 2012 y 2020.<\/p>\n<\/div>\n","protected":false},"excerpt":{"rendered":"<p>David Collado extern\u00f3 la intenci\u00f3n de RD de buscar igualdad de condiciones con l\u00edneas a\u00e9reas estadounidenses con acuerdo de cielos abiertos El ministro de\u00a0Turismo, David Collado, sostuvo una reuni\u00f3n el&hellip; <\/p>\n","protected":false},"author":2,"featured_media":5462,"comment_status":"closed","ping_status":"closed","sticky":false,"template":"","format":"standard","meta":{"fifu_image_url":"https:\/\/i0.wp.com\/elmundodelosnegocios.com.do\/v1\/wp-content\/uploads\/2023\/10\/Collado-y-secretario-Transoirte.jpg?resize=1024,614&ssl=1","fifu_image_alt":"El ministro de Turismo se re\u00fane con secretario de Transporte de Estados Unidos","footnotes":""},"categories":[63],"tags":[],"class_list":["post-5461","post","type-post","status-publish","format-standard","has-post-thumbnail","hentry","category-actualidad"],"_links":{"self":[{"href":"https:\/\/elmundodelapolitica.com\/v1\/wp-json\/wp\/v2\/posts\/5461","targetHints":{"allow":["GET"]}}],"collection":[{"href":"https:\/\/elmundodelapolitica.com\/v1\/wp-json\/wp\/v2\/posts"}],"about":[{"href":"https:\/\/elmundodelapolitica.com\/v1\/wp-json\/wp\/v2\/types\/post"}],"author":[{"embeddable":true,"href":"https:\/\/elmundodelapolitica.com\/v1\/wp-json\/wp\/v2\/users\/2"}],"replies":[{"embeddable":true,"href":"https:\/\/elmundodelapolitica.com\/v1\/wp-json\/wp\/v2\/comments?post=5461"}],"version-history":[{"count":0,"href":"https:\/\/elmundodelapolitica.com\/v1\/wp-json\/wp\/v2\/posts\/5461\/revisions"}],"wp:featuredmedia":[{"embeddable":true,"href":"https:\/\/elmundodelapolitica.com\/v1\/wp-json\/wp\/v2\/media\/5462"}],"wp:attachment":[{"href":"https:\/\/elmundodelapolitica.com\/v1\/wp-json\/wp\/v2\/media?parent=5461"}],"wp:term":[{"taxonomy":"category","embeddable":true,"href":"https:\/\/elmundodelapolitica.com\/v1\/wp-json\/wp\/v2\/categories?post=5461"},{"taxonomy":"post_tag","embeddable":true,"href":"https:\/\/elmundodelapolitica.com\/v1\/wp-json\/wp\/v2\/tags?post=5461"}],"curies":[{"name":"wp","href":"https:\/\/api.w.org\/{rel}","templated":true}]}}